{"id":97,"date":"2011-10-20T15:11:12","date_gmt":"2011-10-20T15:11:12","guid":{"rendered":"http:\/\/antiguosalumnosmaravillas.com\/asociacion\/?p=97"},"modified":"2025-12-10T19:03:12","modified_gmt":"2025-12-10T18:03:12","slug":"coro-aam-concierto-auditorio-nacional-octubre-2011","status":"publish","type":"post","link":"https:\/\/antiguosalumnosmaravillas.com\/asociacion\/coro-aam-concierto-auditorio-nacional-octubre-2011\/","title":{"rendered":"Coro AAM, Concierto Auditorio Nacional. Octubre 2011"},"content":{"rendered":"<p><font size=\"3\"><font color=\"#000000\"><em><span style=\"font-style: normal; font-family: 'Arial','sans-serif'\">El pasado d\u00eda 15 de Octubre, el Coro de Antiguos Alumnos del Colegio,\u00a0actu\u00f3 junto\u00a0con otros coros\u00a0y el Orfe\u00f3n Donostiarra, en el Concierto participativo que tuvo lugar en el Auditorio Nacional, el cual colg\u00f3 el cartel de no hay billetes.<\/span><\/em><\/font><\/font><span style=\"font-family: 'Arial','sans-serif'\"><font size=\"3\" color=\"#000000\">\u00a0<\/font><\/span><\/p>\n<p><font size=\"3\"><font color=\"#000000\"><em><span style=\"font-style: normal; font-family: 'Arial','sans-serif'\">En la primera parte, el Orfe\u00f3n Donostiarra, en solitario junto con la orquesta, cant\u00f3 la Misa de la Coronaci\u00f3n de Mozart, actuaci\u00f3n de una belleza sublime. En la segunda, se incorporaron el resto de coros, formando un total de casi 300 coristas, para cantar la 9\u00aa sinfon\u00eda de Beethoven bajo la batuta del director del Orfe\u00f3n Donostiarra, y con la participaci\u00f3n de la orquesta Filarmon\u00eda.<\/span><\/em><\/font><\/font><\/p>\n<p><font size=\"3\"><font color=\"#000000\"><em><span style=\"font-style: normal; font-family: 'Arial','sans-serif'\">A juzgar por los aplausos del p\u00fablico, la actuaci\u00f3n debi\u00f3 ser m\u00e1s que correcta, y parece ser que el Orfe\u00f3n Donostiarra tiene la intenci\u00f3n de repetir la experiencia en el pr\u00f3ximo a\u00f1o.<\/span><\/em><\/font><\/font><span style=\"font-family: 'Arial','sans-serif'\"><font size=\"3\" color=\"#000000\">\u00a0<\/font><\/span><\/p>\n","protected":false},"excerpt":{"rendered":"<p>El pasado d\u00eda 15 de Octubre, el Coro de Antiguos Alumnos del Colegio,\u00a0actu\u00f3 junto\u00a0con otros coros\u00a0y el Orfe\u00f3n Donostiarra, en el Concierto participativo que tuvo lugar en el Auditorio Nacional, el cual colg\u00f3 el cartel de no hay billetes.\u00a0 En la primera parte, el Orfe\u00f3n Donostiarra, en solitario junto con la orquesta, cant\u00f3 la Misa [&hellip;]<\/p>\n","protected":false},"author":746,"featured_media":0,"comment_status":"closed","ping_status":"open","sticky":false,"template":"","format":"standard","meta":{"_et_pb_use_builder":"","_et_pb_old_content":"","_et_gb_content_width":"","footnotes":""},"categories":[7],"tags":[],"class_list":["post-97","post","type-post","status-publish","format-standard","hentry","category-c2-culturales"],"_links":{"self":[{"href":"https:\/\/antiguosalumnosmaravillas.com\/asociacion\/wp-json\/wp\/v2\/posts\/97","targetHints":{"allow":["GET"]}}],"collection":[{"href":"https:\/\/antiguosalumnosmaravillas.com\/asociacion\/wp-json\/wp\/v2\/posts"}],"about":[{"href":"https:\/\/antiguosalumnosmaravillas.com\/asociacion\/wp-json\/wp\/v2\/types\/post"}],"author":[{"embeddable":true,"href":"https:\/\/antiguosalumnosmaravillas.com\/asociacion\/wp-json\/wp\/v2\/users\/746"}],"replies":[{"embeddable":true,"href":"https:\/\/antiguosalumnosmaravillas.com\/asociacion\/wp-json\/wp\/v2\/comments?post=97"}],"version-history":[{"count":1,"href":"https:\/\/antiguosalumnosmaravillas.com\/asociacion\/wp-json\/wp\/v2\/posts\/97\/revisions"}],"predecessor-version":[{"id":4664,"href":"https:\/\/antiguosalumnosmaravillas.com\/asociacion\/wp-json\/wp\/v2\/posts\/97\/revisions\/4664"}],"wp:attachment":[{"href":"https:\/\/antiguosalumnosmaravillas.com\/asociacion\/wp-json\/wp\/v2\/media?parent=97"}],"wp:term":[{"taxonomy":"category","embeddable":true,"href":"https:\/\/antiguosalumnosmaravillas.com\/asociacion\/wp-json\/wp\/v2\/categories?post=97"},{"taxonomy":"post_tag","embeddable":true,"href":"https:\/\/antiguosalumnosmaravillas.com\/asociacion\/wp-json\/wp\/v2\/tags?post=97"}],"curies":[{"name":"wp","href":"https:\/\/api.w.org\/{rel}","templated":true}]}}