{"id":884,"date":"2016-12-28T10:01:35","date_gmt":"2016-12-28T09:01:35","guid":{"rendered":"http:\/\/antiguosalumnosmaravillas.com\/asociacion\/?p=884"},"modified":"2025-12-10T18:57:06","modified_gmt":"2025-12-10T17:57:06","slug":"cronica-9o-torneo-de-futbol-sala","status":"publish","type":"post","link":"https:\/\/antiguosalumnosmaravillas.com\/asociacion\/cronica-9o-torneo-de-futbol-sala\/","title":{"rendered":"Cr\u00f3nica 9\u00ba Torneo de F\u00fatbol Sala"},"content":{"rendered":"<p>[et_pb_section admin_label=\u00bbsection\u00bb][et_pb_row admin_label=\u00bbrow\u00bb][et_pb_column type=\u00bb4_4&#8243;][et_pb_text admin_label=\u00bbTexto\u00bb background_layout=\u00bblight\u00bb text_orientation=\u00bbleft\u00bb text_font_size=\u00bb14&#8243; use_border_color=\u00bboff\u00bb border_color=\u00bb#ffffff\u00bb border_style=\u00bbsolid\u00bb]<\/p>\n<p style=\"text-align: justify;\"><strong>CR\u00d3NICA DEL IX TORNEO DE F\u00daTBOL SALA<\/strong><\/p>\n<p style=\"text-align: justify;\">Ya lleg\u00f3 la Navidad y con ella una nueva edici\u00f3n de nuestro tradicional torneo de f\u00fatbol sala. El lunes 26 de diciembre por la ma\u00f1ana el Colegio abri\u00f3 sus puertas para acoger a casi un centenar de jugadores deseosos de pasar una buena ma\u00f1ana practicando deporte en el polideportivo y los dos patios.<\/p>\n<p style=\"text-align: justify;\">En esta ocasi\u00f3n la participaci\u00f3n fue todo un \u00e9xito. Tanto es as\u00ed que antes de terminar el plazo de inscripci\u00f3n se lleg\u00f3 a los 12 equipos marcados como tope por motivos de pistas y horario. Los equipos que no pudieron inscribirse tendr\u00e1n una nueva oportunidad el a\u00f1o que viene, en una edici\u00f3n en la que trataremos de seguir creciendo.<\/p>\n<p style=\"text-align: justify;\">Los antiguos alumnos demostraron su gran forma f\u00edsica y su toque de bal\u00f3n en treinta partidos de f\u00fatbol para enmarcar. El buen ambiente entre compa\u00f1eros y rivales, las risas y el vacile tras grandes jugadas se complementaron con una gran competitividad y un juego intenso.<\/p>\n<p style=\"text-align: justify;\">Tras cuatro horas con el bal\u00f3n rodando tres equipos se jugaron el torneo en la fase final. El ganador result\u00f3 ser el equipo Beverly Tronas, con muchos de nuestros antiguos alumnos de la generaci\u00f3n de 2009 sentando c\u00e1tedra. No lo tuvo f\u00e1cil para derrotar a Belfort, flamante subcampe\u00f3n, y a Disc\u00edpulos de Drenthe, tercer clasificado.<\/p>\n<p style=\"text-align: justify;\">El ganador de la segunda categor\u00eda y, por tanto, cuarto clasificado, fue un cl\u00e1sico como Calzonazos FC, que puso la nota de color, en concreto el amarillo tradicional de Maravillas. La tercera categor\u00eda se resolvi\u00f3 con la victoria de Chicho y sus secuaces, mientras que el trofeo al ganador de la cuarta categor\u00eda fue para Bala Roja, equipo veterano pero bregador como pocos.<\/p>\n<p style=\"text-align: justify;\">Y despu\u00e9s de hacer deporte, nada como tomar un refrigerio en el seno de nuestro cole, rodeados de nuestros amigos para comentar lo ocurrido en el 40&#215;20. Con la garganta refrescada y el est\u00f3mago lleno dimos paso a la entrega de trofeos, llevada a cabo por nuestro presidente Rafa Montejo.<\/p>\n<p style=\"text-align: justify;\">Desde la Asociaci\u00f3n queremos dar las gracias a Fernando de Prada y Paco Parrilla, que nos ayudaron con el arbitraje, as\u00ed como \u00c1lvaro Guada\u00f1o y Andr\u00e9s Hernando, que hicieron lo propio colg\u00e1ndose el silbato cuando a su equipo le tocaba descansar.<\/p>\n<p style=\"text-align: justify;\">Cuadro de Honor<\/p>\n<table>\n<tbody>\n<tr>\n<td width=\"288\">Campe\u00f3n<\/td>\n<td width=\"288\">Beverly Tronas<\/td>\n<\/tr>\n<tr>\n<td width=\"288\">Subcampe\u00f3n<\/td>\n<td width=\"288\">Belfort<\/td>\n<\/tr>\n<tr>\n<td width=\"288\">3<sup>er<\/sup> clasificado<\/td>\n<td width=\"288\">Disc\u00edpulos de Drenthe<\/td>\n<\/tr>\n<tr>\n<td width=\"288\">Ganador 2\u00aa categor\u00eda<\/td>\n<td width=\"288\">Calzonazos FC<\/td>\n<\/tr>\n<tr>\n<td width=\"288\">Ganador 3\u00aa categor\u00eda<\/td>\n<td width=\"288\">Chicho y sus secuaces<\/td>\n<\/tr>\n<tr>\n<td width=\"288\">Ganador 4\u00aa categor\u00eda<\/td>\n<td width=\"288\">Bala Roja<\/td>\n<\/tr>\n<tr>\n<td width=\"288\">Antiguo alumno m\u00e1s veterano<\/td>\n<td width=\"288\">Juan Garc\u00eda Ballesta<\/td>\n<\/tr>\n<\/tbody>\n<\/table>\n<p>[\/et_pb_text][\/et_pb_column][\/et_pb_row][et_pb_row admin_label=\u00bbFila\u00bb][et_pb_column type=\u00bb4_4&#8243;][et_pb_gallery admin_label=\u00bbGaler\u00eda\u00bb gallery_ids=\u00bb885,886,887,888,889,890,891,892,893,894,895,896,897,898,899,900,901,902,903,904,905,906,907,908,909,911,912,913,914,915,916,917,918,919,920,921,922,923&#8243; fullwidth=\u00bboff\u00bb posts_number=\u00bb12&#8243; show_title_and_caption=\u00bboff\u00bb show_pagination=\u00bbon\u00bb background_layout=\u00bblight\u00bb auto=\u00bboff\u00bb hover_overlay_color=\u00bbrgba(255,255,255,0.9)\u00bb caption_font_size=\u00bb14&#8243; caption_all_caps=\u00bboff\u00bb title_font_size=\u00bb16&#8243; use_border_color=\u00bboff\u00bb border_color=\u00bb#ffffff\u00bb border_style=\u00bbsolid\u00bb] [\/et_pb_gallery][\/et_pb_column][\/et_pb_row][\/et_pb_section]<\/p>\n","protected":false},"excerpt":{"rendered":"<p>CR\u00d3NICA DEL IX TORNEO DE F\u00daTBOL SALA Ya lleg\u00f3 la Navidad y con ella una nueva edici\u00f3n de nuestro tradicional torneo de f\u00fatbol sala. El lunes 26 de diciembre por la ma\u00f1ana el Colegio abri\u00f3 sus puertas para acoger a casi un centenar de jugadores deseosos de pasar una buena ma\u00f1ana practicando deporte en el [&hellip;]<\/p>\n","protected":false},"author":2,"featured_media":863,"comment_status":"closed","ping_status":"closed","sticky":false,"template":"","format":"standard","meta":{"_et_pb_use_builder":"on","_et_pb_old_content":"","_et_gb_content_width":"","footnotes":""},"categories":[2,6],"tags":[],"class_list":["post-884","post","type-post","status-publish","format-standard","has-post-thumbnail","hentry","category-s1-actividades","category-c1-deportivas"],"_links":{"self":[{"href":"https:\/\/antiguosalumnosmaravillas.com\/asociacion\/wp-json\/wp\/v2\/posts\/884","targetHints":{"allow":["GET"]}}],"collection":[{"href":"https:\/\/antiguosalumnosmaravillas.com\/asociacion\/wp-json\/wp\/v2\/posts"}],"about":[{"href":"https:\/\/antiguosalumnosmaravillas.com\/asociacion\/wp-json\/wp\/v2\/types\/post"}],"author":[{"embeddable":true,"href":"https:\/\/antiguosalumnosmaravillas.com\/asociacion\/wp-json\/wp\/v2\/users\/2"}],"replies":[{"embeddable":true,"href":"https:\/\/antiguosalumnosmaravillas.com\/asociacion\/wp-json\/wp\/v2\/comments?post=884"}],"version-history":[{"count":2,"href":"https:\/\/antiguosalumnosmaravillas.com\/asociacion\/wp-json\/wp\/v2\/posts\/884\/revisions"}],"predecessor-version":[{"id":925,"href":"https:\/\/antiguosalumnosmaravillas.com\/asociacion\/wp-json\/wp\/v2\/posts\/884\/revisions\/925"}],"wp:featuredmedia":[{"embeddable":true,"href":"https:\/\/antiguosalumnosmaravillas.com\/asociacion\/wp-json\/wp\/v2\/media\/863"}],"wp:attachment":[{"href":"https:\/\/antiguosalumnosmaravillas.com\/asociacion\/wp-json\/wp\/v2\/media?parent=884"}],"wp:term":[{"taxonomy":"category","embeddable":true,"href":"https:\/\/antiguosalumnosmaravillas.com\/asociacion\/wp-json\/wp\/v2\/categories?post=884"},{"taxonomy":"post_tag","embeddable":true,"href":"https:\/\/antiguosalumnosmaravillas.com\/asociacion\/wp-json\/wp\/v2\/tags?post=884"}],"curies":[{"name":"wp","href":"https:\/\/api.w.org\/{rel}","templated":true}]}}