{"id":85,"date":"2011-03-29T17:42:03","date_gmt":"2011-03-29T17:42:03","guid":{"rendered":"http:\/\/antiguosalumnosmaravillas.com\/asociacion\/?p=85"},"modified":"2025-12-10T19:03:14","modified_gmt":"2025-12-10T18:03:14","slug":"v-congreso-antiguos-alumnos-de-la-salle-marzo-2011","status":"publish","type":"post","link":"https:\/\/antiguosalumnosmaravillas.com\/asociacion\/v-congreso-antiguos-alumnos-de-la-salle-marzo-2011\/","title":{"rendered":"V Congreso Antiguos Alumnos de la Salle. Marzo 2011"},"content":{"rendered":"<p><span style=\"font-family: 'Arial','sans-serif'\"><font size=\"3\"><font color=\"#000000\">La Asociaci\u00f3n de Antiguos Alumnos del Colegio Maravillas os hace part\u00edcipes de la invitaci\u00f3n que el Hermano Superior General, \u00c1lvaro Rodr\u00edguez Echeverr\u00eda, ha dirigido a los Exalumnos de la Salle del mundo, a participar en el V Congreso UMAEL (Uni\u00f3n Mundial de Antiguos Alumnos Lasallistas), que se realizar\u00e1 del <strong>26 al 30 de octubre de 2011 <\/strong>en la <em>Universidad La<\/em><em> Salle<\/em><em> de Manila, Filipinas,<\/em> con el tema siguiente: <strong><em>\u201cCon la mirada atenta y el coraz\u00f3n comprometido\u201d La responsabilidad social del exalumno lasallista.<\/em><\/strong><\/font><\/font><\/span><span style=\"font-family: 'Arial','sans-serif'\"><font size=\"3\" color=\"#000000\">\u00a0<\/font><\/span><font face=\"Times New Roman\"><font color=\"#000000\"><span style=\"line-height: 150%; font-size: 10pt\">\u00a0 <\/span><span style=\"line-height: 150%; font-family: 'Arial','sans-serif'; color: red; font-size: 10pt\"><\/span><\/font><\/font><\/p>\n<p style=\"text-align: justify; line-height: 150%; margin: 0cm 0cm 0pt\" class=\"MsoNormal\"><span style=\"font-family: 'Arial','sans-serif'\"><font color=\"#000000\"><font size=\"3\">Para tener m\u00e1s detalles sobre este V Congreso UMAEL, pinchad en el siguiente link:\u00a0<a href=\"http:\/\/www.umael-lasalle.info\/\">www.umael-lasalle.info<\/a>\u00a0<\/font><\/font><\/span><\/p>\n","protected":false},"excerpt":{"rendered":"<p>La Asociaci\u00f3n de Antiguos Alumnos del Colegio Maravillas os hace part\u00edcipes de la invitaci\u00f3n que el Hermano Superior General, \u00c1lvaro Rodr\u00edguez Echeverr\u00eda, ha dirigido a los Exalumnos de la Salle del mundo, a participar en el V Congreso UMAEL (Uni\u00f3n Mundial de Antiguos Alumnos Lasallistas), que se realizar\u00e1 del 26 al 30 de octubre de [&hellip;]<\/p>\n","protected":false},"author":746,"featured_media":0,"comment_status":"closed","ping_status":"open","sticky":false,"template":"","format":"standard","meta":{"_et_pb_use_builder":"","_et_pb_old_content":"","_et_gb_content_width":"","footnotes":""},"categories":[7],"tags":[],"class_list":["post-85","post","type-post","status-publish","format-standard","hentry","category-c2-culturales"],"_links":{"self":[{"href":"https:\/\/antiguosalumnosmaravillas.com\/asociacion\/wp-json\/wp\/v2\/posts\/85","targetHints":{"allow":["GET"]}}],"collection":[{"href":"https:\/\/antiguosalumnosmaravillas.com\/asociacion\/wp-json\/wp\/v2\/posts"}],"about":[{"href":"https:\/\/antiguosalumnosmaravillas.com\/asociacion\/wp-json\/wp\/v2\/types\/post"}],"author":[{"embeddable":true,"href":"https:\/\/antiguosalumnosmaravillas.com\/asociacion\/wp-json\/wp\/v2\/users\/746"}],"replies":[{"embeddable":true,"href":"https:\/\/antiguosalumnosmaravillas.com\/asociacion\/wp-json\/wp\/v2\/comments?post=85"}],"version-history":[{"count":1,"href":"https:\/\/antiguosalumnosmaravillas.com\/asociacion\/wp-json\/wp\/v2\/posts\/85\/revisions"}],"predecessor-version":[{"id":4676,"href":"https:\/\/antiguosalumnosmaravillas.com\/asociacion\/wp-json\/wp\/v2\/posts\/85\/revisions\/4676"}],"wp:attachment":[{"href":"https:\/\/antiguosalumnosmaravillas.com\/asociacion\/wp-json\/wp\/v2\/media?parent=85"}],"wp:term":[{"taxonomy":"category","embeddable":true,"href":"https:\/\/antiguosalumnosmaravillas.com\/asociacion\/wp-json\/wp\/v2\/categories?post=85"},{"taxonomy":"post_tag","embeddable":true,"href":"https:\/\/antiguosalumnosmaravillas.com\/asociacion\/wp-json\/wp\/v2\/tags?post=85"}],"curies":[{"name":"wp","href":"https:\/\/api.w.org\/{rel}","templated":true}]}}