{"id":80,"date":"2010-12-24T09:38:51","date_gmt":"2010-12-24T09:38:51","guid":{"rendered":"http:\/\/antiguosalumnosmaravillas.com\/asociacion\/?p=80"},"modified":"2025-12-10T19:03:15","modified_gmt":"2025-12-10T18:03:15","slug":"felicitaciones-navidenas","status":"publish","type":"post","link":"https:\/\/antiguosalumnosmaravillas.com\/asociacion\/felicitaciones-navidenas\/","title":{"rendered":"Felicitaciones Navide\u00f1as"},"content":{"rendered":"<p style=\"text-align: center; line-height: 150%\" class=\"ecxMsoNormal\"><span style=\"line-height: 150%; font-size: 14pt\">\u00a0<\/span><span style=\"line-height: 150%; font-size: 14pt\">El I Concurso de Felicitaciones Navide\u00f1as de la Asociaci\u00f3n de Antiguos Alumnos de colegio Nuestra Se\u00f1ora de las Maravillas ya tiene ganador.<span style=\"line-height: 150%; font-size: 14pt\"><img loading=\"lazy\" decoding=\"async\" src=\"images\/stories\/crismas4.jpg\" border=\"0\" width=\"407\" height=\"596\" \/><\/span>\u00a0<\/span><\/p>\n<p style=\"text-align: center; line-height: 150%\" class=\"ecxMsoNormal\" align=\"justify\"><span style=\"line-height: 150%; font-size: 14pt\">El\u00a0primer premio es para el trabajo de Alejandro Parrilla Gal\u00e1n, de la promci\u00f3n 2006 &#8211; 2007.\u00a0<\/span><\/p>\n<p style=\"text-align: center; line-height: 150%\" class=\"ecxMsoNormal\" align=\"justify\"><span style=\"line-height: 150%; font-size: 14pt\"><span style=\"line-height: 150%; font-size: 14pt\"><img loading=\"lazy\" decoding=\"async\" src=\"images\/stories\/victoria.jpg\" border=\"0\" width=\"410\" height=\"348\" align=\"middle\" \/><\/span><\/span><\/p>\n<p style=\"text-align: center; line-height: 150%\" class=\"ecxMsoNormal\" align=\"justify\"><span style=\"line-height: 150%; font-size: 14pt\">No podemos olvidar la fotograf\u00eda\u00a0merecedora de\u00a0la segunda posici\u00f3n. La autora\u00a0es\u00a0Victoria Mi\u00f1ana, de la promoici\u00f3n 1994 &#8211; 1995.<\/span><\/p>\n<p style=\"text-align: center; line-height: 150%\" class=\"ecxMsoNormal\" align=\"justify\">\u00a0<\/p>\n<p style=\"text-align: center; line-height: 150%\" class=\"ecxMsoNormal\" align=\"justify\"><span style=\"line-height: 150%; font-size: 14pt\">Much\u00edsimas gracias a todos por vuestra participacipaci\u00f3n. <\/span><\/p>\n<p style=\"text-align: center; line-height: 150%\" class=\"ecxMsoNormal\" align=\"justify\"><span style=\"line-height: 150%; font-size: 14pt\">\u00a1Feliz Navidad y Pr\u00f3spero A\u00f1o 2011!<\/span><\/p>\n","protected":false},"excerpt":{"rendered":"<p>\u00a0El I Concurso de Felicitaciones Navide\u00f1as de la Asociaci\u00f3n de Antiguos Alumnos de colegio Nuestra Se\u00f1ora de las Maravillas ya tiene ganador.\u00a0 El\u00a0primer premio es para el trabajo de Alejandro Parrilla Gal\u00e1n, de la promci\u00f3n 2006 &#8211; 2007.\u00a0 No podemos olvidar la fotograf\u00eda\u00a0merecedora de\u00a0la segunda posici\u00f3n. La autora\u00a0es\u00a0Victoria Mi\u00f1ana, de la promoici\u00f3n 1994 &#8211; 1995. [&hellip;]<\/p>\n","protected":false},"author":746,"featured_media":0,"comment_status":"closed","ping_status":"open","sticky":false,"template":"","format":"standard","meta":{"_et_pb_use_builder":"","_et_pb_old_content":"","_et_gb_content_width":"","footnotes":""},"categories":[7],"tags":[],"class_list":["post-80","post","type-post","status-publish","format-standard","hentry","category-c2-culturales"],"_links":{"self":[{"href":"https:\/\/antiguosalumnosmaravillas.com\/asociacion\/wp-json\/wp\/v2\/posts\/80","targetHints":{"allow":["GET"]}}],"collection":[{"href":"https:\/\/antiguosalumnosmaravillas.com\/asociacion\/wp-json\/wp\/v2\/posts"}],"about":[{"href":"https:\/\/antiguosalumnosmaravillas.com\/asociacion\/wp-json\/wp\/v2\/types\/post"}],"author":[{"embeddable":true,"href":"https:\/\/antiguosalumnosmaravillas.com\/asociacion\/wp-json\/wp\/v2\/users\/746"}],"replies":[{"embeddable":true,"href":"https:\/\/antiguosalumnosmaravillas.com\/asociacion\/wp-json\/wp\/v2\/comments?post=80"}],"version-history":[{"count":1,"href":"https:\/\/antiguosalumnosmaravillas.com\/asociacion\/wp-json\/wp\/v2\/posts\/80\/revisions"}],"predecessor-version":[{"id":4681,"href":"https:\/\/antiguosalumnosmaravillas.com\/asociacion\/wp-json\/wp\/v2\/posts\/80\/revisions\/4681"}],"wp:attachment":[{"href":"https:\/\/antiguosalumnosmaravillas.com\/asociacion\/wp-json\/wp\/v2\/media?parent=80"}],"wp:term":[{"taxonomy":"category","embeddable":true,"href":"https:\/\/antiguosalumnosmaravillas.com\/asociacion\/wp-json\/wp\/v2\/categories?post=80"},{"taxonomy":"post_tag","embeddable":true,"href":"https:\/\/antiguosalumnosmaravillas.com\/asociacion\/wp-json\/wp\/v2\/tags?post=80"}],"curies":[{"name":"wp","href":"https:\/\/api.w.org\/{rel}","templated":true}]}}