{"id":790,"date":"2016-06-22T08:25:27","date_gmt":"2016-06-22T07:25:27","guid":{"rendered":"http:\/\/antiguosalumnosmaravillas.com\/asociacion\/?p=790"},"modified":"2025-12-10T18:57:08","modified_gmt":"2025-12-10T17:57:08","slug":"cronica-del-i-torneo-de-baloncesto-3x3","status":"publish","type":"post","link":"https:\/\/antiguosalumnosmaravillas.com\/asociacion\/cronica-del-i-torneo-de-baloncesto-3x3\/","title":{"rendered":"Cr\u00f3nica del I Torneo de Baloncesto 3&#215;3"},"content":{"rendered":"<p>[et_pb_section admin_label=\u00bbsection\u00bb][et_pb_row admin_label=\u00bbrow\u00bb][et_pb_column type=\u00bb4_4&#8243;][et_pb_text admin_label=\u00bbTexto\u00bb background_layout=\u00bblight\u00bb text_orientation=\u00bbjustified\u00bb text_font_size=\u00bb14&#8243; use_border_color=\u00bboff\u00bb border_color=\u00bb#ffffff\u00bb border_style=\u00bbsolid\u00bb]<\/p>\n<p style=\"text-align: justify;\">El pasado s\u00e1bado 18 de junio se celebr\u00f3 el I Torneo de Baloncesto 3&#215;3 de la Asociaci\u00f3n Antiguos Alumnos Maravillas. El patio de mayores del cole fue testigo de la calidad de un gran n\u00famero de jugadores que mejoraron su t\u00e9cnica y su mu\u00f1eca en las mismas pistas que volvieron a pisar.<\/p>\n<p style=\"text-align: justify;\">Siete equipos formados por tres o cuatro jugadores participaron en el torneo, que se desarroll\u00f3 con gran ambiente en dos horas. La igualdad rein\u00f3 durante la gran mayor\u00eda de partidos, muchos tuvieron que resolverse en el desempate desde la l\u00ednea de tiros libres.<\/p>\n<p style=\"text-align: justify;\">El premio gordo recay\u00f3 en el equipo formado por los antiguos alumnos Alberto Cirugeda y Luis Reina, que acompa\u00f1ados por David Chanquet y Miguel S\u00e1nchez lograron ganar por la m\u00ednima en una disputad\u00edsima final al equipo formado por Javier de la Fuente, Pablo Rebollo, Miguel Yuste y Esteban Mestre. El tercer puesto fue para Jos\u00e9 Herrero, Juan Pat\u00f3n y Antonio Moroll\u00f3n.<\/p>\n<p style=\"text-align: justify;\">Despu\u00e9s de la fase deportiva se llev\u00f3 a cabo la entrega de premios, tras la cual todos disfrutaron de una merienda. Aparte de reponer fuerzas aprovecharon para ponerse al d\u00eda y rememorar viejos tiempos.<\/p>\n<p style=\"text-align: justify;\">Desde la asociaci\u00f3n queremos dar las gracias a todos los participantes por su buena predisposici\u00f3n y por haber hecho posible este torneo. Esta primera edici\u00f3n nos ha servido para acumular mucha experiencia y esperamos ya a la segunda para mejorar la organizaci\u00f3n y consolidar este gran campeonato. Os esperamos el a\u00f1o que viene con m\u00e1s \u201cbaloncesto callejero\u201d.<\/p>\n<h4>Cuadro de honor<\/h4>\n<table>\n<tbody>\n<tr>\n<td width=\"144\"><strong>Campeones<\/strong><\/td>\n<td width=\"144\"><strong>Subcampeones<\/strong><\/td>\n<td width=\"144\"><strong>Terceros<\/strong><\/td>\n<td width=\"144\"><strong>Cuartos<\/strong><\/td>\n<\/tr>\n<tr>\n<td width=\"144\">Alberto Cirugeda<\/td>\n<td width=\"144\">Javier de la Fuente<\/td>\n<td width=\"144\">Jos\u00e9 Herrero<\/td>\n<td width=\"144\">Roberto Rodr\u00edguez<\/td>\n<\/tr>\n<tr>\n<td width=\"144\">Luis Reina<\/td>\n<td width=\"144\">Pablo Rebollo<\/td>\n<td width=\"144\">Juan Pat\u00f3n<\/td>\n<td width=\"144\">Gonzalo Forcada<\/td>\n<\/tr>\n<tr>\n<td width=\"144\">David Chanquet<\/td>\n<td width=\"144\">Miguel Yuste<\/td>\n<td width=\"144\">Antonio Moroll\u00f3n<\/td>\n<td width=\"144\">Antonio Robles<\/td>\n<\/tr>\n<tr>\n<td width=\"144\">Miguel S\u00e1nchez<\/td>\n<td width=\"144\">Esteban Mestre<\/td>\n<td width=\"144\">&nbsp;<\/td>\n<td width=\"144\">Pablo Lamas<\/td>\n<\/tr>\n<\/tbody>\n<\/table>\n<p>[\/et_pb_text][et_pb_gallery admin_label=\u00bbGaler\u00eda\u00bb gallery_ids=\u00bb791,792,793,794,795,796,797,798,799,800&#8243; fullwidth=\u00bboff\u00bb posts_number=\u00bb10&#8243; show_title_and_caption=\u00bboff\u00bb show_pagination=\u00bboff\u00bb background_layout=\u00bblight\u00bb auto=\u00bboff\u00bb hover_overlay_color=\u00bbrgba(255,255,255,0.9)\u00bb caption_font_size=\u00bb14&#8243; caption_all_caps=\u00bboff\u00bb title_font_size=\u00bb16&#8243; use_border_color=\u00bboff\u00bb border_color=\u00bb#ffffff\u00bb border_style=\u00bbsolid\u00bb \/][\/et_pb_column][\/et_pb_row][\/et_pb_section]<\/p>\n","protected":false},"excerpt":{"rendered":"<p>El pasado s\u00e1bado 18 de junio se celebr\u00f3 el I Torneo de Baloncesto 3&#215;3 de la Asociaci\u00f3n Antiguos Alumnos Maravillas. El patio de mayores del cole fue testigo de la calidad de un gran n\u00famero de jugadores que mejoraron su t\u00e9cnica y su mu\u00f1eca en las mismas pistas que volvieron a pisar. Siete equipos formados [&hellip;]<\/p>\n","protected":false},"author":2,"featured_media":792,"comment_status":"closed","ping_status":"closed","sticky":false,"template":"","format":"standard","meta":{"_et_pb_use_builder":"on","_et_pb_old_content":"","_et_gb_content_width":"","footnotes":""},"categories":[2,6],"tags":[],"class_list":["post-790","post","type-post","status-publish","format-standard","has-post-thumbnail","hentry","category-s1-actividades","category-c1-deportivas"],"_links":{"self":[{"href":"https:\/\/antiguosalumnosmaravillas.com\/asociacion\/wp-json\/wp\/v2\/posts\/790","targetHints":{"allow":["GET"]}}],"collection":[{"href":"https:\/\/antiguosalumnosmaravillas.com\/asociacion\/wp-json\/wp\/v2\/posts"}],"about":[{"href":"https:\/\/antiguosalumnosmaravillas.com\/asociacion\/wp-json\/wp\/v2\/types\/post"}],"author":[{"embeddable":true,"href":"https:\/\/antiguosalumnosmaravillas.com\/asociacion\/wp-json\/wp\/v2\/users\/2"}],"replies":[{"embeddable":true,"href":"https:\/\/antiguosalumnosmaravillas.com\/asociacion\/wp-json\/wp\/v2\/comments?post=790"}],"version-history":[{"count":1,"href":"https:\/\/antiguosalumnosmaravillas.com\/asociacion\/wp-json\/wp\/v2\/posts\/790\/revisions"}],"predecessor-version":[{"id":801,"href":"https:\/\/antiguosalumnosmaravillas.com\/asociacion\/wp-json\/wp\/v2\/posts\/790\/revisions\/801"}],"wp:featuredmedia":[{"embeddable":true,"href":"https:\/\/antiguosalumnosmaravillas.com\/asociacion\/wp-json\/wp\/v2\/media\/792"}],"wp:attachment":[{"href":"https:\/\/antiguosalumnosmaravillas.com\/asociacion\/wp-json\/wp\/v2\/media?parent=790"}],"wp:term":[{"taxonomy":"category","embeddable":true,"href":"https:\/\/antiguosalumnosmaravillas.com\/asociacion\/wp-json\/wp\/v2\/categories?post=790"},{"taxonomy":"post_tag","embeddable":true,"href":"https:\/\/antiguosalumnosmaravillas.com\/asociacion\/wp-json\/wp\/v2\/tags?post=790"}],"curies":[{"name":"wp","href":"https:\/\/api.w.org\/{rel}","templated":true}]}}