{"id":696,"date":"2016-04-25T17:28:51","date_gmt":"2016-04-25T16:28:51","guid":{"rendered":"http:\/\/antiguosalumnosmaravillas.com\/asociacion\/?p=696"},"modified":"2025-12-10T18:57:09","modified_gmt":"2025-12-10T17:57:09","slug":"viii-torneo-de-padel-aaaa-maravillas-2","status":"publish","type":"post","link":"https:\/\/antiguosalumnosmaravillas.com\/asociacion\/viii-torneo-de-padel-aaaa-maravillas-2\/","title":{"rendered":"VIII Torneo de Padel AAAA Maravillas"},"content":{"rendered":"<p>[et_pb_section admin_label=\u00bbsection\u00bb][et_pb_row admin_label=\u00bbrow\u00bb][et_pb_column type=\u00bb4_4&#8243;][et_pb_text admin_label=\u00bbTexto\u00bb background_layout=\u00bblight\u00bb text_orientation=\u00bbleft\u00bb text_font_size=\u00bb14&#8243; use_border_color=\u00bboff\u00bb border_color=\u00bb#ffffff\u00bb border_style=\u00bbsolid\u00bb]<\/p>\n<p style=\"text-align: justify;\">El pasado s\u00e1bado 23 de abril disfrutamos del VIII Torneo de P\u00e1del de la Asociaci\u00f3n de Antiguos Alumnos. Fue una tarde fant\u00e1stica en las pistas de SANSET; cuatro horas de deporte, competici\u00f3n, risas, reencuentros y animadas conversaciones rematadas con la entrega de trofeos y el placer del <em>\u2018tercer SET\u2019<\/em> bebida refrescante en mano.<\/p>\n<p style=\"text-align: justify;\">Sin duda lo m\u00e1s bonito fue juntar a 21 parejas tan distintas y a la vez tan iguales, buena gente con el sello del antiguo alumno del Colegio aunque de edades muy dispares. Quiz\u00e1s lo menos importante fue el resultado final, aunque s\u00ed que hay que destacar el gran p\u00e1del de todas las parejas y valorar el espectacular juego de algunas de ellas.<\/p>\n<p style=\"text-align: justify;\">Finalmente los ganadores fueron el exalumno Pepe Calleja y Guille Medina, que aunque no estudi\u00f3 en Maravillas sus muchos a\u00f1os en los equipos de balonmano del cole le convierten en asimilado de la familia. Vencieron en el partido decisivo a Ram\u00f3n Valdez y Alejandro Sombrero, quienes mostraron un gran nivel y apartaron de la final a los defensores del t\u00edtulo, Jos\u00e9 V\u00e9lez y nuestro expresidente Juan Carlos Mora.<\/p>\n<p style=\"text-align: justify;\">Cuadro de honor:<\/p>\n<table>\n<tbody>\n<tr>\n<td width=\"288\"><strong>Campeones<\/strong><\/td>\n<td width=\"288\">Jos\u00e9 Antonio Calleja y Guillermo Medina<\/td>\n<\/tr>\n<tr>\n<td width=\"288\"><strong>Subcampeones<\/strong><\/td>\n<td width=\"288\">Ram\u00f3n Valdez y Alejandro Sombrero<\/td>\n<\/tr>\n<tr>\n<td width=\"288\"><strong>Terceros<\/strong><\/td>\n<td width=\"288\">Fernando S\u00e1nchez y Fernando Tendero<\/td>\n<\/tr>\n<tr>\n<td width=\"288\"><strong>Cuartos<\/strong><\/td>\n<td width=\"288\">Juan Carlos Mora y Jos\u00e9 V\u00e9lez<\/td>\n<\/tr>\n<tr>\n<td width=\"288\"><strong>Campeones Consolaci\u00f3n 1<\/strong><\/td>\n<td width=\"288\">Jos\u00e9 Ram\u00f3n Durand y Fernando Ayo<\/td>\n<\/tr>\n<tr>\n<td width=\"288\"><strong>Campeones Consolaci\u00f3n 2<\/strong><\/td>\n<td width=\"288\">Carlos Elzaurdia y Roberto Est\u00e9vez<\/td>\n<\/tr>\n<\/tbody>\n<\/table>\n<p>[\/et_pb_text][\/et_pb_column][\/et_pb_row][et_pb_row admin_label=\u00bbFila\u00bb][et_pb_column type=\u00bb4_4&#8243;][et_pb_gallery admin_label=\u00bbGaler\u00eda\u00bb gallery_ids=\u00bb695,694,693,692,691,690,689,688,687,686,685,684,682,683&#8243; fullwidth=\u00bboff\u00bb posts_number=\u00bb16&#8243; show_title_and_caption=\u00bboff\u00bb show_pagination=\u00bboff\u00bb background_layout=\u00bblight\u00bb auto=\u00bboff\u00bb hover_overlay_color=\u00bbrgba(255,255,255,0.9)\u00bb caption_font_size=\u00bb14&#8243; caption_all_caps=\u00bboff\u00bb title_font_size=\u00bb16&#8243; use_border_color=\u00bboff\u00bb border_color=\u00bb#ffffff\u00bb border_style=\u00bbsolid\u00bb] [\/et_pb_gallery][\/et_pb_column][\/et_pb_row][\/et_pb_section]<\/p>\n","protected":false},"excerpt":{"rendered":"<p>El pasado s\u00e1bado 23 de abril disfrutamos del VIII Torneo de P\u00e1del de la Asociaci\u00f3n de Antiguos Alumnos. Fue una tarde fant\u00e1stica en las pistas de SANSET; cuatro horas de deporte, competici\u00f3n, risas, reencuentros y animadas conversaciones rematadas con la entrega de trofeos y el placer del \u2018tercer SET\u2019 bebida refrescante en mano. Sin duda [&hellip;]<\/p>\n","protected":false},"author":2,"featured_media":701,"comment_status":"closed","ping_status":"closed","sticky":false,"template":"","format":"standard","meta":{"_et_pb_use_builder":"on","_et_pb_old_content":"","_et_gb_content_width":"","footnotes":""},"categories":[2,6],"tags":[],"class_list":["post-696","post","type-post","status-publish","format-standard","has-post-thumbnail","hentry","category-s1-actividades","category-c1-deportivas"],"_links":{"self":[{"href":"https:\/\/antiguosalumnosmaravillas.com\/asociacion\/wp-json\/wp\/v2\/posts\/696","targetHints":{"allow":["GET"]}}],"collection":[{"href":"https:\/\/antiguosalumnosmaravillas.com\/asociacion\/wp-json\/wp\/v2\/posts"}],"about":[{"href":"https:\/\/antiguosalumnosmaravillas.com\/asociacion\/wp-json\/wp\/v2\/types\/post"}],"author":[{"embeddable":true,"href":"https:\/\/antiguosalumnosmaravillas.com\/asociacion\/wp-json\/wp\/v2\/users\/2"}],"replies":[{"embeddable":true,"href":"https:\/\/antiguosalumnosmaravillas.com\/asociacion\/wp-json\/wp\/v2\/comments?post=696"}],"version-history":[{"count":3,"href":"https:\/\/antiguosalumnosmaravillas.com\/asociacion\/wp-json\/wp\/v2\/posts\/696\/revisions"}],"predecessor-version":[{"id":710,"href":"https:\/\/antiguosalumnosmaravillas.com\/asociacion\/wp-json\/wp\/v2\/posts\/696\/revisions\/710"}],"wp:featuredmedia":[{"embeddable":true,"href":"https:\/\/antiguosalumnosmaravillas.com\/asociacion\/wp-json\/wp\/v2\/media\/701"}],"wp:attachment":[{"href":"https:\/\/antiguosalumnosmaravillas.com\/asociacion\/wp-json\/wp\/v2\/media?parent=696"}],"wp:term":[{"taxonomy":"category","embeddable":true,"href":"https:\/\/antiguosalumnosmaravillas.com\/asociacion\/wp-json\/wp\/v2\/categories?post=696"},{"taxonomy":"post_tag","embeddable":true,"href":"https:\/\/antiguosalumnosmaravillas.com\/asociacion\/wp-json\/wp\/v2\/tags?post=696"}],"curies":[{"name":"wp","href":"https:\/\/api.w.org\/{rel}","templated":true}]}}