{"id":66,"date":"2010-04-20T10:07:51","date_gmt":"2010-04-20T10:07:51","guid":{"rendered":"http:\/\/antiguosalumnosmaravillas.com\/asociacion\/?p=66"},"modified":"2025-12-10T19:03:17","modified_gmt":"2025-12-10T18:03:17","slug":"taller-de-desarrollo-profesional-seguro-que-me-seleccionana-a-mi","status":"publish","type":"post","link":"https:\/\/antiguosalumnosmaravillas.com\/asociacion\/taller-de-desarrollo-profesional-seguro-que-me-seleccionana-a-mi\/","title":{"rendered":"\u00bb Seguro que me seleccionana a m\u00ed \u00ab. 13 Mayo 2010"},"content":{"rendered":"<p style=\"text-align: center; margin: 0cm 0cm 0pt\" class=\"MsoNormal\" align=\"center\">\u00a0<\/p>\n<p><span style=\"font-family: Arial\"><font size=\"3\"><font color=\"#000000\"><\/p>\n<p style=\"margin: 0cm 0cm 0pt\" class=\"MsoTitle\" align=\"center\"><u><font face=\"arial,helvetica,sans-serif\" size=\"5\" color=\"#000000\"><strong>Seguro que me seleccionan a mi<\/strong><\/font><\/u><\/p>\n<p style=\"margin: 0cm 0cm 0pt\" class=\"MsoTitle\" align=\"center\">\u00a0<\/p>\n<p style=\"text-align: center; margin: 0cm 0cm 0pt\" class=\"MsoNormal\" align=\"center\">\u00a0<\/p>\n<p style=\"text-align: center; margin: 0cm 0cm 0pt\" class=\"MsoNormal\" align=\"center\"><font color=\"#000000\"><strong><font face=\"arial,helvetica,sans-serif\"><span style=\"font-variant: small-caps; font-family: 'Times New Roman'; font-size: 16pt\">Seminario de desarrollo profesional<\/span>\u00a0<\/font><\/strong><\/font><\/p>\n<p style=\"text-align: center; margin: 0cm 0cm 0pt\" class=\"MsoNormal\" align=\"center\">\u00a0<\/p>\n<p><\/font><\/p>\n<p style=\"text-align: center; margin: 0cm 0cm 0pt\" class=\"MsoNormal\" align=\"center\">\u00a0<\/p>\n<p><\/font><\/span><\/p>\n<p style=\"text-align: center; margin: 0cm 0cm 0pt\" class=\"MsoNormal\" align=\"center\"><span style=\"font-family: Arial\"><font size=\"3\"><font face=\"arial,helvetica,sans-serif\" color=\"#000000\"><strong>13 de mayo de 2010, de 17.30 a 20.30 horas<\/strong><\/font><\/font><\/span><\/p>\n<p style=\"text-align: center; margin: 0cm 0cm 0pt\" class=\"MsoNormal\" align=\"center\"><span style=\"font-family: Arial\"><font size=\"3\" color=\"#000000\"><strong><font face=\"arial,helvetica,sans-serif\" color=\"#000000\">en el Anfiteatro del colegio.<\/font><\/strong>\u00a0<\/font><\/span><\/p>\n<p style=\"text-align: center; margin: 0cm 0cm 0pt\" class=\"MsoNormal\" align=\"center\">\u00a0<\/p>\n<p style=\"text-align: center; margin: 0cm 0cm 0pt\" class=\"MsoNormal\" align=\"center\"><span style=\"font-family: Arial\"><font size=\"3\"><font color=\"#000000\">\u00a0\u00a0\u00a0\u00a0\u00a0\u00a0\u00a0\u00a0\u00a0\u00a0\u00a0 Alguna vez te has preguntado\u2026<\/font><\/font><\/span><span style=\"font-family: Arial\"><font size=\"3\" color=\"#000000\">\u00a0<\/font><\/span>\u00a0 <\/p>\n<p style=\"text-align: center; text-indent: 35.4pt; margin: 0cm 0cm 0pt\" class=\"MsoNormal\" align=\"center\"><span style=\"font-family: Arial\"><\/span><\/p>\n<p style=\"text-align: center; text-indent: 35.4pt; margin: 0cm 0cm 0pt\" class=\"MsoNormal\" align=\"center\"><span style=\"font-family: Arial\"><font size=\"3\"><font color=\"#000000\">\u00bfC\u00f3mo ser\u00e1 un proceso de selecci\u00f3n?<\/font><\/font><\/span><\/p>\n<p>\u00a0 <\/p>\n<p style=\"text-align: center; text-indent: 35.4pt; margin: 0cm 0cm 0pt\" class=\"MsoNormal\" align=\"center\"><span style=\"font-family: Arial\"><font size=\"3\"><font color=\"#000000\">\u00bfC\u00f3mo puedo dise\u00f1ar un curr\u00edculum v\u00edtae atractivo?<\/font><\/font><\/span><\/p>\n<p>\u00a0 <\/p>\n<p style=\"text-align: center; text-indent: 35.4pt; margin: 0cm 0cm 0pt\" class=\"MsoNormal\" align=\"center\"><span style=\"font-family: Arial\"><font size=\"3\"><font color=\"#000000\">\u00bfQu\u00e9 pruebas tendr\u00e9 que pasar?<\/font><\/font><\/span><\/p>\n<p>\u00a0 <\/p>\n<p style=\"text-align: center; text-indent: 35.4pt; margin: 0cm 0cm 0pt\" class=\"MsoNormal\" align=\"center\"><span style=\"font-family: Arial\"><font size=\"3\"><font color=\"#000000\">\u00bfQu\u00e9 tengo que decir?<\/font><\/font><\/span><\/p>\n<p align=\"center\">\u00a0<span style=\"font-family: Arial\"><font size=\"3\"><font color=\"#000000\">Y, por supuesto, \u00bfme coger\u00e1n a m\u00ed?<\/font><\/font><\/span> <\/p>\n<p><span style=\"font-family: Arial\"><font size=\"3\"><font color=\"#000000\">Desde luego, es una situaci\u00f3n complicada en la que se conjugan muchos factores (nervios, situaci\u00f3n novedosa, ganas de agradar, etc.). <\/font><\/font><\/span><\/p>\n<p><span style=\"font-family: Arial\"><font size=\"3\" color=\"#000000\">Pensando en la situaci\u00f3n de un gran n\u00famero de antiguos alumnos del Colegio Maravillas, que van a finalizar sus estudios y enfrentase al mercado laboral, o simplemente desean mejorar su situaci\u00f3n profesional, la Asociaci\u00f3n de Antiguos Alumnos ha organizado el taller <strong>\u00bb Seguro que me seleccionan a mi \u00ab.<\/strong><\/font><\/span><\/p>\n<p> <!--more--> <\/p>\n<p><span style=\"font-family: Arial\"><font size=\"3\" color=\"#000000\">En \u00e9l, y realizando muchos ejemplos pr\u00e1cticos, comprenderemos <strong>c\u00f3mo enfrentarnos a un proceso de selecci\u00f3n completo.<\/strong> Este taller correr\u00e1 a cargo de <strong>Javier Ortega S\u00e1nchez, <\/strong>antiguo alumno de la prom 94-95 y experto en Recursos Humanos con una amplia experiencia en procesos de selecci\u00f3n; ha trabajado en empresas tan destacadas como Carrefour o Eroski, esta \u00faltima donde desempe\u00f1a actualmente las funciones de Responsable de Gesti\u00f3n de Personas.<\/font><\/span><\/p>\n<p><span style=\"font-family: Arial\"><span style=\"font-family: Arial\"><span style=\"font-family: Arial; font-size: 12pt\">Para asistir s\u00f3lo te pedimos dos cosas: ganas de participar para construir el taller entre todos, y la mente muy dispuesta para poner en pr\u00e1ctica posteriormente todo lo que veamos.<\/span><\/span><span style=\"font-family: Arial; font-size: 12pt\"> <\/span><span style=\"font-family: Arial; font-size: 12pt\"><\/p>\n<p style=\"text-align: justify; margin: 0cm 0cm 0pt\" class=\"MsoNormal\"><span style=\"font-family: Arial\">Este taller es <strong>gratuito <\/strong>y su <strong>inscripci\u00f3n est\u00e1 abierta<\/strong> a todas aquellas personas que, de un modo u otro, est\u00e9n relacionadas con el colegio (familiares, amigos, etc.).<\/span><\/p>\n<p style=\"text-align: justify; margin: 0cm 0cm 0pt\" class=\"MsoNormal\">\u00a0<\/p>\n<p style=\"text-align: justify; margin: 0cm 0cm 0pt\" class=\"MsoNormal\"><span style=\"font-family: Arial\">Para una mejor organizaci\u00f3n, por favor, <strong>confirma tu asistencia<\/strong> y la de tus compa\u00f1eros y amigos, aunque no pertenezcan a la Asociaci\u00f3n, a la siguiente direcci\u00f3n: <a href=\"mailto:antiguosalumnos@lasallemaravillas.com\" title=\"blocked::mailto:antiguosalumnos@lasallemaravillas.com\"><span style=\"color: windowtext\"><u><strong>antiguosalumnos@lasallemaravillas.com<\/strong><\/u><\/span><\/a>.<\/span><\/p>\n<p>\u00a0 <\/p>\n<p style=\"text-align: justify; margin: 0cm 0cm 0pt\" class=\"MsoNormal\"><span style=\"font-family: Arial\">Adem\u00e1s, dado que el objetivo de la Asociaci\u00f3n es colaborar en tu desarrollo profesional, todos aquellos <strong>Antiguos Alumnos Asociados<\/strong> podr\u00e1n realizar de forma voluntaria <strong>un simulacro de\u00a0entrevista de selecci\u00f3n individualizada<\/strong> con expertos en al materia, donde poner en pr\u00e1ctica todos los conceptos adquiridos y recibir sus consejos personalmente\u00a0(las mismas se planificar\u00e1n al finalizar el taller).<\/span><\/p>\n<p style=\"text-align: justify; margin: 0cm 0cm 0pt\" class=\"MsoNormal\">\u00a0<\/p>\n<p style=\"text-align: justify; margin: 0cm 0cm 0pt\" class=\"MsoNormal\"><span style=\"font-family: Arial\">Esperamos que esta actividad sea de tu agrado y que nos ayudes a promocionarla entre todos tus amigos y conocidos. <\/span><\/p>\n<p style=\"text-align: justify; margin: 0cm 0cm 0pt\" class=\"MsoNormal\">\u00a0<\/p>\n<p style=\"text-align: justify; margin: 0cm 0cm 0pt\" class=\"MsoNormal\">\u00a0<\/p>\n<p style=\"text-align: justify; margin: 0cm 0cm 0pt\" class=\"MsoNormal\">\u00a0<\/p>\n<p><span style=\"font-family: Arial\">\u00a0<\/span><span style=\"font-family: Arial\"><strong><span style=\"font-family: Tahoma; font-size: 14pt\"><font face=\"arial,helvetica,sans-serif\"><u>\u00cdndice de la jornada<\/u>:<\/font><\/span><\/strong><strong><span style=\"font-family: Tahoma; font-size: 14pt\"><font face=\"arial,helvetica,sans-serif\">\u00a0<\/font><\/span><\/strong><\/span><\/p>\n<p><span style=\"font-family: Arial\"><strong><span style=\"font-family: Tahoma; font-size: 12pt\"><font face=\"arial,helvetica,sans-serif\">1\u00ba) Presentaci\u00f3n de los participantes<\/font><\/span><\/strong><\/span><\/p>\n<p><span style=\"font-family: Arial\"><strong><span style=\"font-family: Tahoma; font-size: 12pt\"><font face=\"arial,helvetica,sans-serif\">2\u00ba) Curriculum Vitae:<\/font><\/span><\/strong><font face=\"arial,helvetica,sans-serif\"><span style=\"font-family: Wingdings; font-size: 12pt\"><span><span style=\"font: 7pt 'Times New Roman'\"> <\/span><\/span><\/span><span style=\"font-family: Tahoma; font-size: 12pt\">Finalidad.<\/span><\/font><font face=\"arial,helvetica,sans-serif\"><span style=\"font-family: Tahoma; font-size: 12pt\">Estructura.<\/span><\/font><font face=\"arial,helvetica,sans-serif\"><span style=\"font-family: Tahoma; font-size: 12pt\">Recomendaciones.<\/span><\/font><\/span><\/p>\n<p><span style=\"font-family: Arial\"><strong><span style=\"font-family: Tahoma; font-size: 12pt\"><font face=\"arial,helvetica,sans-serif\">3\u00ba) Test Psicot\u00e9cnicos y de Personalidad: <\/font><\/span><\/strong><font face=\"arial,helvetica,sans-serif\"><span style=\"font-family: Tahoma; font-size: 12pt\">Finalidad. <\/span><\/font><font face=\"arial,helvetica,sans-serif\"><span style=\"font-family: Tahoma; font-size: 12pt\">Tipolog\u00eda. <\/span><\/font><font face=\"arial,helvetica,sans-serif\"><span style=\"font-family: Tahoma; font-size: 12pt\">Recomendaciones.<\/span><\/font><\/span><\/p>\n<p><span style=\"font-family: Arial\"><strong><span style=\"font-family: Tahoma; font-size: 12pt\"><font face=\"arial,helvetica,sans-serif\">4\u00ba) Din\u00e1mica de grupos: <\/font><\/span><\/strong><font face=\"arial,helvetica,sans-serif\"><span style=\"font-family: Tahoma; font-size: 12pt\">Finalidad. <\/span><\/font><font face=\"arial,helvetica,sans-serif\"><span style=\"font-family: Tahoma; font-size: 12pt\">Tipolog\u00eda. <\/span><\/font><font face=\"arial,helvetica,sans-serif\"><span style=\"font-family: Tahoma; font-size: 12pt\">Recomendaciones. <\/span><\/font><font face=\"arial,helvetica,sans-serif\"><span style=\"font-family: Tahoma; font-size: 12pt\">Ejemplo pr\u00e1ctico.<\/span><\/font><\/span><\/p>\n<p><span style=\"font-family: Arial\"><strong><span style=\"font-family: Tahoma; font-size: 12pt\"><font face=\"arial,helvetica,sans-serif\">5\u00ba) Entrevistas de selecci\u00f3n: <\/font><\/span><\/strong><font face=\"arial,helvetica,sans-serif\"><span style=\"font-family: Tahoma; font-size: 12pt\">Finalidad. <\/span><\/font><font face=\"arial,helvetica,sans-serif\"><span style=\"font-family: Tahoma; font-size: 12pt\">Tipolog\u00eda: <\/span><\/font><font face=\"arial,helvetica,sans-serif\"><span style=\"font-family: Tahoma; font-size: 12pt\">Preselecci\u00f3n y <\/span><\/font><font face=\"arial,helvetica,sans-serif\"><span style=\"font-family: Tahoma; font-size: 12pt\">Por competencias (<\/span><\/font><font face=\"arial,helvetica,sans-serif\"><span style=\"font-family: Tahoma; font-size: 12pt\">Estructura, <\/span><\/font><font face=\"arial,helvetica,sans-serif\"><span style=\"font-family: Tahoma; font-size: 12pt\">Aspectos diferenciadores y <\/span><\/font><font face=\"arial,helvetica,sans-serif\"><span style=\"font-family: Tahoma; font-size: 12pt\">Recomendaciones). <\/span><\/font><font face=\"arial,helvetica,sans-serif\"><span style=\"font-family: Tahoma; font-size: 12pt\">Ejemplo pr\u00e1ctico.<\/span><\/font> <\/span><span style=\"font-family: Arial\"><\/p>\n<p style=\"text-align: justify; margin: 0cm 0cm 0pt\" class=\"MsoNormal\">\u00a0<\/p>\n<p><\/span><span style=\"font-family: Arial\">\u00a0<\/span> <\/p>\n<p>\u00a0<\/p>\n<p><\/span><\/span><\/p>\n","protected":false},"excerpt":{"rendered":"<p>\u00a0 Seguro que me seleccionan a mi \u00a0 \u00a0 Seminario de desarrollo profesional\u00a0 \u00a0 \u00a0 13 de mayo de 2010, de 17.30 a 20.30 horas en el Anfiteatro del colegio.\u00a0 \u00a0 \u00a0\u00a0\u00a0\u00a0\u00a0\u00a0\u00a0\u00a0\u00a0\u00a0\u00a0 Alguna vez te has preguntado\u2026\u00a0\u00a0 \u00bfC\u00f3mo ser\u00e1 un proceso de selecci\u00f3n? \u00a0 \u00bfC\u00f3mo puedo dise\u00f1ar un curr\u00edculum v\u00edtae atractivo? \u00a0 \u00bfQu\u00e9 pruebas tendr\u00e9 [&hellip;]<\/p>\n","protected":false},"author":746,"featured_media":0,"comment_status":"closed","ping_status":"open","sticky":false,"template":"","format":"standard","meta":{"_et_pb_use_builder":"","_et_pb_old_content":"","_et_gb_content_width":"","footnotes":""},"categories":[9],"tags":[],"class_list":["post-66","post","type-post","status-publish","format-standard","hentry","category-c4-universitarias"],"_links":{"self":[{"href":"https:\/\/antiguosalumnosmaravillas.com\/asociacion\/wp-json\/wp\/v2\/posts\/66","targetHints":{"allow":["GET"]}}],"collection":[{"href":"https:\/\/antiguosalumnosmaravillas.com\/asociacion\/wp-json\/wp\/v2\/posts"}],"about":[{"href":"https:\/\/antiguosalumnosmaravillas.com\/asociacion\/wp-json\/wp\/v2\/types\/post"}],"author":[{"embeddable":true,"href":"https:\/\/antiguosalumnosmaravillas.com\/asociacion\/wp-json\/wp\/v2\/users\/746"}],"replies":[{"embeddable":true,"href":"https:\/\/antiguosalumnosmaravillas.com\/asociacion\/wp-json\/wp\/v2\/comments?post=66"}],"version-history":[{"count":1,"href":"https:\/\/antiguosalumnosmaravillas.com\/asociacion\/wp-json\/wp\/v2\/posts\/66\/revisions"}],"predecessor-version":[{"id":4694,"href":"https:\/\/antiguosalumnosmaravillas.com\/asociacion\/wp-json\/wp\/v2\/posts\/66\/revisions\/4694"}],"wp:attachment":[{"href":"https:\/\/antiguosalumnosmaravillas.com\/asociacion\/wp-json\/wp\/v2\/media?parent=66"}],"wp:term":[{"taxonomy":"category","embeddable":true,"href":"https:\/\/antiguosalumnosmaravillas.com\/asociacion\/wp-json\/wp\/v2\/categories?post=66"},{"taxonomy":"post_tag","embeddable":true,"href":"https:\/\/antiguosalumnosmaravillas.com\/asociacion\/wp-json\/wp\/v2\/tags?post=66"}],"curies":[{"name":"wp","href":"https:\/\/api.w.org\/{rel}","templated":true}]}}