{"id":64,"date":"2010-04-15T08:17:28","date_gmt":"2010-04-15T08:17:28","guid":{"rendered":"http:\/\/antiguosalumnosmaravillas.com\/asociacion\/?p=64"},"modified":"2025-12-10T19:03:17","modified_gmt":"2025-12-10T18:03:17","slug":"coral-antiguos-alumnos-21-de-abril-de-2010","status":"publish","type":"post","link":"https:\/\/antiguosalumnosmaravillas.com\/asociacion\/coral-antiguos-alumnos-21-de-abril-de-2010\/","title":{"rendered":"Coral Antiguos Alumnos. 21 de Abril de 2010"},"content":{"rendered":"<p style=\"margin: 0cm 0cm 0pt\" class=\"MsoNormal\"><span style=\"font-family: 'Calibri','sans-serif'\"><font size=\"3\" color=\"#000000\">El pr\u00f3ximo d\u00eda 21 de Abril, mi\u00e9rcoles, a partir de las 19.45 horas, en el Conservatorio de M\u00fasica Federico Moreno Torroba (c\/ General Ricardos 177), la Coral de Antiguos Alumnos interpretar\u00e1 diversas obras de zarzuela, cl\u00e1sicas y espirituales.<\/font><\/span><\/p>\n<p style=\"margin: 0cm 0cm 0pt\" class=\"MsoNormal\">\u00a0<\/p>\n<p><font size=\"3\"><font color=\"#000000\"><span style=\"font-family: 'Calibri','sans-serif'\">Como ya conoc\u00e9is, la Coral fue formada por la profesora Mar\u00eda Cristina Collar en Octubre de 1991, como continuidad del Coro de ni\u00f1os y ni\u00f1as, fecha a partir de la cual, se consiguieron numerosos premios y reconocimientos internacionales. Desde el a\u00f1o 2007, la direcci\u00f3n del grupo corre a cargo del profesor Eduardo Calcagno, siendo ayudante de direcci\u00f3n y pianista el profesor Javier Ibarz, y profesora de t\u00e9cnica vocal la cantante Carmen Bocanegra.\u00a0<\/span><\/font><\/font><\/p>\n<p><font size=\"3\"><font color=\"#000000\"><span style=\"font-family: 'Calibri','sans-serif'\">Actualmente somos casi 30 integrantes, abiertos a la posibilidad de nuevas incorporaciones.<\/span><\/font><\/font><span style=\"font-family: 'Verdana','sans-serif'; font-size: 10pt\"><font color=\"#000000\">\u00a0<\/font><\/span><span style=\"font-family: 'Calibri','sans-serif'\"><font size=\"3\" color=\"#000000\">Os esperamos el mi\u00e9rcoles 21.<\/font><\/span><\/p>\n","protected":false},"excerpt":{"rendered":"<p>El pr\u00f3ximo d\u00eda 21 de Abril, mi\u00e9rcoles, a partir de las 19.45 horas, en el Conservatorio de M\u00fasica Federico Moreno Torroba (c\/ General Ricardos 177), la Coral de Antiguos Alumnos interpretar\u00e1 diversas obras de zarzuela, cl\u00e1sicas y espirituales. \u00a0 Como ya conoc\u00e9is, la Coral fue formada por la profesora Mar\u00eda Cristina Collar en Octubre de [&hellip;]<\/p>\n","protected":false},"author":746,"featured_media":0,"comment_status":"closed","ping_status":"open","sticky":false,"template":"","format":"standard","meta":{"_et_pb_use_builder":"","_et_pb_old_content":"","_et_gb_content_width":"","footnotes":""},"categories":[7],"tags":[],"class_list":["post-64","post","type-post","status-publish","format-standard","hentry","category-c2-culturales"],"_links":{"self":[{"href":"https:\/\/antiguosalumnosmaravillas.com\/asociacion\/wp-json\/wp\/v2\/posts\/64","targetHints":{"allow":["GET"]}}],"collection":[{"href":"https:\/\/antiguosalumnosmaravillas.com\/asociacion\/wp-json\/wp\/v2\/posts"}],"about":[{"href":"https:\/\/antiguosalumnosmaravillas.com\/asociacion\/wp-json\/wp\/v2\/types\/post"}],"author":[{"embeddable":true,"href":"https:\/\/antiguosalumnosmaravillas.com\/asociacion\/wp-json\/wp\/v2\/users\/746"}],"replies":[{"embeddable":true,"href":"https:\/\/antiguosalumnosmaravillas.com\/asociacion\/wp-json\/wp\/v2\/comments?post=64"}],"version-history":[{"count":1,"href":"https:\/\/antiguosalumnosmaravillas.com\/asociacion\/wp-json\/wp\/v2\/posts\/64\/revisions"}],"predecessor-version":[{"id":4696,"href":"https:\/\/antiguosalumnosmaravillas.com\/asociacion\/wp-json\/wp\/v2\/posts\/64\/revisions\/4696"}],"wp:attachment":[{"href":"https:\/\/antiguosalumnosmaravillas.com\/asociacion\/wp-json\/wp\/v2\/media?parent=64"}],"wp:term":[{"taxonomy":"category","embeddable":true,"href":"https:\/\/antiguosalumnosmaravillas.com\/asociacion\/wp-json\/wp\/v2\/categories?post=64"},{"taxonomy":"post_tag","embeddable":true,"href":"https:\/\/antiguosalumnosmaravillas.com\/asociacion\/wp-json\/wp\/v2\/tags?post=64"}],"curies":[{"name":"wp","href":"https:\/\/api.w.org\/{rel}","templated":true}]}}