{"id":63,"date":"2010-03-24T08:59:51","date_gmt":"2010-03-24T08:59:51","guid":{"rendered":"http:\/\/antiguosalumnosmaravillas.com\/asociacion\/?p=63"},"modified":"2025-12-10T19:03:17","modified_gmt":"2025-12-10T18:03:17","slug":"conferencia-coloquio-sobre-la-crisis-economica-y-la-situacion-actual-del-sector-inmobiliario","status":"publish","type":"post","link":"https:\/\/antiguosalumnosmaravillas.com\/asociacion\/conferencia-coloquio-sobre-la-crisis-economica-y-la-situacion-actual-del-sector-inmobiliario\/","title":{"rendered":"Conferencia-Coloquio: Crisis Econ\u00f3mica y la situaci\u00f3n actual del Sector Inmobiliario. Abril 2010"},"content":{"rendered":"<p>\u00a0<\/p>\n<p align=\"center\"><strong class=\"caption\">LA CRISIS ECON\u00d3MICA Y LA SITUACI\u00d3N ACTUAL DEL SECTOR INMOBILIARIO.<\/strong><\/p>\n<p align=\"center\"><strong><font face=\"arial,helvetica,sans-serif\"><span class=\"caption\">MIKEL ECHAVARREN DE PABLOS<\/span> <\/font><\/strong>\u00a0<\/p>\n<p align=\"center\"><strong><img loading=\"lazy\" decoding=\"async\" src=\"images\/stories\/conferencia mikel echavarren.jpg\" border=\"0\" width=\"500\" height=\"332\" \/><\/strong><\/p>\n<p>El d\u00eda 12 de abril de 2010 y gracias a la iniciativa de Mikel Echavarren de Pablos, la Asociaci\u00f3n de Antiguos del Colegio Nuestra Se\u00f1ora de las Maravillas tuvo el placer de organizar una conferencia-coloquio sobre \u00abla crisis econ\u00f3mica y la situaci\u00f3n actual del sector inmobiliario<strong>\u00ab.<\/strong> <\/p>\n<p>El ponente fue Mikel Echavarren de Pablos. Antiguo alumno del colegio de la promoci\u00f3n 1979 &#8211; 1980 y licenciado en Ciencias Econ\u00f3micas y Empresariales por la Universidad Aut\u00f3noma de Madrid es actualmente, el Presidente y Consejero Delegado de Irea (asesores financieros especializados en fusiones y adquisiciones, financiaci\u00f3n y refinanciaci\u00f3n de empresas). <\/p>\n<p>Gran conocedor del sector, trat\u00f3 las razones del\u00a0 crecimiento excesivo del sector inmobiliario antes de la crisis actual, la situaci\u00f3n actual del sector inmobiliario, los procesos de refinanciaci\u00f3n y las perspectivas de evoluci\u00f3n futura del mercado inmobiliario. <\/p>\n<p>\u00a0<\/p>\n","protected":false},"excerpt":{"rendered":"<p>\u00a0 LA CRISIS ECON\u00d3MICA Y LA SITUACI\u00d3N ACTUAL DEL SECTOR INMOBILIARIO. MIKEL ECHAVARREN DE PABLOS \u00a0 El d\u00eda 12 de abril de 2010 y gracias a la iniciativa de Mikel Echavarren de Pablos, la Asociaci\u00f3n de Antiguos del Colegio Nuestra Se\u00f1ora de las Maravillas tuvo el placer de organizar una conferencia-coloquio sobre \u00abla crisis econ\u00f3mica [&hellip;]<\/p>\n","protected":false},"author":746,"featured_media":0,"comment_status":"closed","ping_status":"open","sticky":false,"template":"","format":"standard","meta":{"_et_pb_use_builder":"","_et_pb_old_content":"","_et_gb_content_width":"","footnotes":""},"categories":[7],"tags":[],"class_list":["post-63","post","type-post","status-publish","format-standard","hentry","category-c2-culturales"],"_links":{"self":[{"href":"https:\/\/antiguosalumnosmaravillas.com\/asociacion\/wp-json\/wp\/v2\/posts\/63","targetHints":{"allow":["GET"]}}],"collection":[{"href":"https:\/\/antiguosalumnosmaravillas.com\/asociacion\/wp-json\/wp\/v2\/posts"}],"about":[{"href":"https:\/\/antiguosalumnosmaravillas.com\/asociacion\/wp-json\/wp\/v2\/types\/post"}],"author":[{"embeddable":true,"href":"https:\/\/antiguosalumnosmaravillas.com\/asociacion\/wp-json\/wp\/v2\/users\/746"}],"replies":[{"embeddable":true,"href":"https:\/\/antiguosalumnosmaravillas.com\/asociacion\/wp-json\/wp\/v2\/comments?post=63"}],"version-history":[{"count":1,"href":"https:\/\/antiguosalumnosmaravillas.com\/asociacion\/wp-json\/wp\/v2\/posts\/63\/revisions"}],"predecessor-version":[{"id":4697,"href":"https:\/\/antiguosalumnosmaravillas.com\/asociacion\/wp-json\/wp\/v2\/posts\/63\/revisions\/4697"}],"wp:attachment":[{"href":"https:\/\/antiguosalumnosmaravillas.com\/asociacion\/wp-json\/wp\/v2\/media?parent=63"}],"wp:term":[{"taxonomy":"category","embeddable":true,"href":"https:\/\/antiguosalumnosmaravillas.com\/asociacion\/wp-json\/wp\/v2\/categories?post=63"},{"taxonomy":"post_tag","embeddable":true,"href":"https:\/\/antiguosalumnosmaravillas.com\/asociacion\/wp-json\/wp\/v2\/tags?post=63"}],"curies":[{"name":"wp","href":"https:\/\/api.w.org\/{rel}","templated":true}]}}