{"id":54,"date":"2009-12-14T09:35:17","date_gmt":"2009-12-14T09:35:17","guid":{"rendered":"http:\/\/antiguosalumnosmaravillas.com\/asociacion\/?p=54"},"modified":"2025-12-10T19:03:19","modified_gmt":"2025-12-10T18:03:19","slug":"coral-juvenil-y-de-antiguos-alumnos-diciembre-2009","status":"publish","type":"post","link":"https:\/\/antiguosalumnosmaravillas.com\/asociacion\/coral-juvenil-y-de-antiguos-alumnos-diciembre-2009\/","title":{"rendered":"Coral Juvenil y de Antiguos Alumnos Diciembre 2009"},"content":{"rendered":"<p align=\"justify\"><span style=\"font-family: 'Verdana','sans-serif'; font-size: 10pt\"><font face=\"arial,helvetica,sans-serif\" color=\"#000000\">El Coro de Antiguos Alumnos junto al Coro de ni\u00f1as y ni\u00f1os del Colegio, participar\u00e1 en un concierto sinf\u00f3nico-coral organizado por el Grupo Empresa Siemens de Espa\u00f1a en el Auditorio Nacional de M\u00fasica de Madrid, el\u00a0pr\u00f3ximo d\u00eda\u00a017 de diciembre.<\/font><\/span><span style=\"font-family: 'Verdana','sans-serif'; font-size: 10pt\"><\/p>\n<p><font color=\"#000000\"><font face=\"arial,helvetica,sans-serif\"><span style=\"font-family: 'Verdana','sans-serif'\">En \u00e9l, cantar\u00e1n con la Orquesta Filarmon\u00eda de Madrid y el Coro Filarm\u00f3nico, bajo la direcci\u00f3n del maestro Pascual Osa.<\/span><\/p>\n<p><span style=\"font-family: 'Verdana','sans-serif'\">Ser\u00e1, pues, este evento, un impulso m\u00e1s para el grupo de Antiguos Alumnos que, semana a semana, se re\u00fane para cantar con la direcci\u00f3n de Eduardo Calcagno y la valiosa colaboraci\u00f3n de Javier Ibarz y la profesora de canto Carmen Bocanegra.<\/span><\/font><\/font><\/span><\/p>\n","protected":false},"excerpt":{"rendered":"<p>El Coro de Antiguos Alumnos junto al Coro de ni\u00f1as y ni\u00f1os del Colegio, participar\u00e1 en un concierto sinf\u00f3nico-coral organizado por el Grupo Empresa Siemens de Espa\u00f1a en el Auditorio Nacional de M\u00fasica de Madrid, el\u00a0pr\u00f3ximo d\u00eda\u00a017 de diciembre. En \u00e9l, cantar\u00e1n con la Orquesta Filarmon\u00eda de Madrid y el Coro Filarm\u00f3nico, bajo la direcci\u00f3n [&hellip;]<\/p>\n","protected":false},"author":746,"featured_media":0,"comment_status":"closed","ping_status":"open","sticky":false,"template":"","format":"standard","meta":{"_et_pb_use_builder":"","_et_pb_old_content":"","_et_gb_content_width":"","footnotes":""},"categories":[7],"tags":[],"class_list":["post-54","post","type-post","status-publish","format-standard","hentry","category-c2-culturales"],"_links":{"self":[{"href":"https:\/\/antiguosalumnosmaravillas.com\/asociacion\/wp-json\/wp\/v2\/posts\/54","targetHints":{"allow":["GET"]}}],"collection":[{"href":"https:\/\/antiguosalumnosmaravillas.com\/asociacion\/wp-json\/wp\/v2\/posts"}],"about":[{"href":"https:\/\/antiguosalumnosmaravillas.com\/asociacion\/wp-json\/wp\/v2\/types\/post"}],"author":[{"embeddable":true,"href":"https:\/\/antiguosalumnosmaravillas.com\/asociacion\/wp-json\/wp\/v2\/users\/746"}],"replies":[{"embeddable":true,"href":"https:\/\/antiguosalumnosmaravillas.com\/asociacion\/wp-json\/wp\/v2\/comments?post=54"}],"version-history":[{"count":1,"href":"https:\/\/antiguosalumnosmaravillas.com\/asociacion\/wp-json\/wp\/v2\/posts\/54\/revisions"}],"predecessor-version":[{"id":4706,"href":"https:\/\/antiguosalumnosmaravillas.com\/asociacion\/wp-json\/wp\/v2\/posts\/54\/revisions\/4706"}],"wp:attachment":[{"href":"https:\/\/antiguosalumnosmaravillas.com\/asociacion\/wp-json\/wp\/v2\/media?parent=54"}],"wp:term":[{"taxonomy":"category","embeddable":true,"href":"https:\/\/antiguosalumnosmaravillas.com\/asociacion\/wp-json\/wp\/v2\/categories?post=54"},{"taxonomy":"post_tag","embeddable":true,"href":"https:\/\/antiguosalumnosmaravillas.com\/asociacion\/wp-json\/wp\/v2\/tags?post=54"}],"curies":[{"name":"wp","href":"https:\/\/api.w.org\/{rel}","templated":true}]}}