{"id":53,"date":"2009-12-09T18:10:55","date_gmt":"2009-12-09T18:10:55","guid":{"rendered":"http:\/\/antiguosalumnosmaravillas.com\/asociacion\/?p=53"},"modified":"2025-12-10T19:03:19","modified_gmt":"2025-12-10T18:03:19","slug":"coral-juvenil-y-de-antiguos-alumnos","status":"publish","type":"post","link":"https:\/\/antiguosalumnosmaravillas.com\/asociacion\/coral-juvenil-y-de-antiguos-alumnos\/","title":{"rendered":"Coral Juvenil y de Antiguos Alumnos Diciembre 2009"},"content":{"rendered":"<p><font size=\"3\"><font color=\"#000000\"><em><u><span style=\"font-family: 'Arial','sans-serif'\">CORAL JUVENIL Y DE ANTIGUOS ALUMNOS<\/span><\/u><\/em><\/font><\/font><span style=\"font-family: 'Arial','sans-serif'\"><font size=\"3\" color=\"#000000\">\u00a0<\/font><\/span><font size=\"3\"><font color=\"#000000\"><em><span style=\"font-family: 'Arial','sans-serif'\">El pr\u00f3ximo domingo, d\u00eda 13 de diciembre, tras la celebraci\u00f3n de la Misa de las Familias (12 am), a la que tambi\u00e9n est\u00e1is invitados, tendr\u00e1 lugar el tradicional Concierto de Navidad a cargo de la Coral Juvenil y de Antiguos Alumnos, los otros Coros del Colegio y la Banda de M\u00fasica.<\/span><\/em><\/font><\/font><span style=\"font-family: 'Arial','sans-serif'\"><font size=\"3\" color=\"#000000\">\u00a0<\/font><\/span><\/p>\n<p><font size=\"3\"><font color=\"#000000\"><em><span style=\"font-family: 'Arial','sans-serif'\">En esta ocasi\u00f3n, se interpretar\u00e1n, adem\u00e1s de villancicos, obras de Vivaldi y m\u00fasica Gospel.<\/span><\/em><\/font><\/font><span style=\"font-family: 'Arial','sans-serif'\"><font size=\"3\" color=\"#000000\">\u00a0<\/font><\/span><font size=\"3\"><font color=\"#000000\"><em><span style=\"font-family: 'Arial','sans-serif'\">\u00a1Os esperamos! Y ya sab\u00e9is que, si quer\u00e9is participar en el Coro en futuras ocasiones, no ten\u00e9is m\u00e1s que comunicarlo y uniros al Coro de Antiguos Alumnos del Colegio.<\/span><\/em><\/font><\/font><\/p>\n<p><a href=\"http:\/\/antiguosalumnosmaravillas.com\/aa\/index.php?option=com_imagebrowser&#038;view=gallery&#038;folder=CoroNavidad\"><\/p>\n<div style=\"text-align: center\"><img decoding=\"async\" src=\"images\/stories\/DSC_0717.JPG\" border=\"0\" alt=\"Coro Antiguos Alumnos\" title=\"Concierto de Navidad\" width=\"400\" \/><\/div>\n<p><\/a><\/p>\n<p><font size=\"3\"><font color=\"#000000\"><em><span style=\"font-family: 'Arial','sans-serif'\">A continuaci\u00f3n\u00a0encontrar\u00e1s el programa del concierto.<\/span><\/em><\/font><\/font><\/p>\n<p>\u00a0<\/p>\n<p> <!--more--> <\/p>\n<p><font size=\"3\"><font color=\"#000000\"><strong><span style=\"font-family: 'Arial','sans-serif'\">CORAL DE<span>\u00a0 <\/span>ANTIGUOS ALUMNOS. <\/span><\/strong><\/font><\/font><\/p>\n<p><font color=\"#000000\"><span style=\"font-family: Symbol\"><span><font size=\"3\">\u00b7<\/font><span style=\"font: 7pt 'Times New Roman'\">\u00a0\u00a0\u00a0\u00a0\u00a0\u00a0\u00a0\u00a0 <\/span><\/span><\/span><span style=\"font-family: 'Arial','sans-serif'\"><font size=\"3\">GLORIA IN EXCELSIS DEO Antonio Vivaldi<\/font><\/span><\/font><\/p>\n<p><font color=\"#000000\"><span style=\"font-family: Symbol\"><span><font size=\"3\">\u00b7<\/font><span style=\"font: 7pt 'Times New Roman'\">\u00a0\u00a0\u00a0\u00a0\u00a0\u00a0\u00a0\u00a0 <\/span><\/span><\/span><span style=\"font-family: 'Arial','sans-serif'\"><font size=\"3\">HODIE<strong><em> <\/em><\/strong>APPARUIT<strong><em> <\/em><\/strong>Orlando Di Lasso <strong><em>(Grupo de <u>Voces Masculinas<\/u>: dirige<u> <\/u>Javier Ibarz)<\/em><\/strong><\/font><\/span><\/font><\/p>\n<p><font color=\"#000000\"><span style=\"font-family: Symbol\"><span><font size=\"3\">\u00b7<\/font><span style=\"font: 7pt 'Times New Roman'\">\u00a0\u00a0\u00a0\u00a0\u00a0\u00a0\u00a0\u00a0 <\/span><\/span><\/span><span style=\"font-family: 'Arial','sans-serif'\"><font size=\"3\">JOSHUA FOUGHT THE BATTLE OF JERICO Spiritual<\/font><\/span><\/font><span style=\"font-family: 'Arial','sans-serif'\"><font size=\"3\" color=\"#000000\">\u00a0<\/font><\/span><\/p>\n<p><strong><span style=\"font-family: 'Arial','sans-serif'\"><font size=\"3\"><font color=\"#000000\">CORO DE VOCES BLANCAS<\/font><\/font><\/span><\/strong><\/p>\n<p><font color=\"#000000\"><span style=\"font-family: Symbol\"><span><font size=\"3\">\u00b7<\/font><span style=\"font: 7pt 'Times New Roman'\">\u00a0\u00a0\u00a0\u00a0\u00a0\u00a0\u00a0\u00a0 <\/span><\/span><\/span><span style=\"font-family: 'Arial','sans-serif'\"><font size=\"3\">HYMNE DES FRATERNIS\u00c9S (I\u2019m dreaming of home) Philippe Rombi<\/font><\/span><\/font><span style=\"font-family: 'Arial','sans-serif'\"><font size=\"3\" color=\"#000000\">\u00a0<\/font><\/span><\/p>\n<p><strong><span style=\"font-family: 'Arial','sans-serif'\"><font size=\"3\"><font color=\"#000000\">CORO DE NI\u00d1OS y NI\u00d1AS<\/font><\/font><\/span><\/strong><\/p>\n<p><font color=\"#000000\"><span style=\"font-family: Symbol\"><span><font size=\"3\">\u00b7<\/font><span style=\"font: 7pt 'Times New Roman'\">\u00a0\u00a0\u00a0\u00a0\u00a0\u00a0\u00a0\u00a0 <\/span><\/span><\/span><span style=\"font-family: 'Arial','sans-serif'\"><font size=\"3\">BLANCA NAVIDAD Irving Berlin<\/font><\/span><\/font><\/p>\n<p><font color=\"#000000\"><span style=\"font-family: Symbol\"><span><font size=\"3\">\u00b7<\/font><span style=\"font: 7pt 'Times New Roman'\">\u00a0\u00a0\u00a0\u00a0\u00a0\u00a0\u00a0\u00a0 <\/span><\/span><\/span><span style=\"font-family: 'Arial','sans-serif'\"><font size=\"3\">ADESTE FIDELES tradicional<\/font><\/span><\/font><\/p>\n<p><font color=\"#000000\"><span style=\"font-family: Symbol\"><span><font size=\"3\">\u00b7<\/font><span style=\"font: 7pt 'Times New Roman'\">\u00a0\u00a0\u00a0\u00a0\u00a0\u00a0\u00a0\u00a0 <\/span><\/span><\/span><span style=\"font-family: 'Arial','sans-serif'\"><font size=\"3\">DIOS HA NACIDO F. Amor<\/font><\/span><\/font><strong><em><span style=\"font-family: 'Arial','sans-serif'\"><font size=\"3\"><font color=\"#000000\">Director: Eduardo Calcagno Fiore<\/font><\/font><\/span><\/em><\/strong><strong><em><span style=\"font-family: 'Arial','sans-serif'\"><font size=\"3\"><font color=\"#000000\">Piano: Javier Ibarz Gabard\u00f3s<\/font><\/font><\/span><\/em><\/strong><strong><span style=\"font-family: 'Arial','sans-serif'\"><font size=\"3\" color=\"#000000\">\u00a0<\/font><\/span><\/strong><\/p>\n<p><strong><span style=\"font-family: 'Arial','sans-serif'\"><font size=\"3\"><font color=\"#000000\">CORO INFANTIL<\/font><\/font><\/span><\/strong><\/p>\n<p><font color=\"#000000\"><span style=\"font-family: Symbol\"><span><font size=\"3\">\u00b7<\/font><span style=\"font: 7pt 'Times New Roman'\">\u00a0\u00a0\u00a0\u00a0\u00a0\u00a0\u00a0\u00a0 <\/span><\/span><\/span><span style=\"font-family: 'Arial','sans-serif'\"><font size=\"3\">OFRENDAS AL NI\u00d1O Adela de la Fuente<\/font><\/span><\/font><\/p>\n<p><font color=\"#000000\"><span style=\"font-family: Symbol\"><span><font size=\"3\">\u00b7<\/font><span style=\"font: 7pt 'Times New Roman'\">\u00a0\u00a0\u00a0\u00a0\u00a0\u00a0\u00a0\u00a0 <\/span><\/span><\/span><span style=\"font-family: 'Arial','sans-serif'\"><font size=\"3\">VILLANCICO AN\u00d3NIMO Arr. de A. Zuleta<\/font><\/span><\/font><strong><em><span style=\"font-family: 'Arial','sans-serif'\"><font size=\"3\"><font color=\"#000000\">Director: Javier Ibarz Gabard\u00f3s<\/font><\/font><\/span><\/em><\/strong><strong><em><span style=\"font-family: 'Arial','sans-serif'\"><font size=\"3\"><font color=\"#000000\">Piano: Juan Cabeza Hern\u00e1ndez<\/font><\/font><\/span><\/em><\/strong><strong><span style=\"font-family: 'Arial','sans-serif'\"><font size=\"3\" color=\"#000000\">\u00a0<\/font><\/span><\/strong><\/p>\n<p><font size=\"3\"><font color=\"#000000\"><strong><span style=\"font-family: 'Arial','sans-serif'\">TODOS LOS COROS<\/span><\/strong><\/font><\/font><\/p>\n<p><font color=\"#000000\"><span style=\"font-family: Symbol\"><span><font size=\"3\">\u00b7<\/font><span style=\"font: 7pt 'Times New Roman'\">\u00a0\u00a0\u00a0\u00a0\u00a0\u00a0\u00a0\u00a0 <\/span><\/span><\/span><span style=\"font-family: 'Arial','sans-serif'\"><font size=\"3\">LOS REYES MAGOS Ariel Ram\u00edrez<\/font><\/span><\/font><strong><span style=\"font-family: 'Arial','sans-serif'\"><font size=\"3\" color=\"#000000\">\u00a0<\/font><\/span><\/strong><font size=\"3\"><font color=\"#000000\"><strong><span style=\"font-family: 'Arial','sans-serif'\">BANDA. <em>Director: Fernando Fern\u00e1ndez-Company<\/em><\/span><\/strong><\/font><\/font><\/p>\n<p><font color=\"#000000\"><span style=\"font-family: Symbol\"><span><font size=\"3\">\u00b7<\/font><span style=\"font: 7pt 'Times New Roman'\">\u00a0\u00a0\u00a0\u00a0\u00a0\u00a0\u00a0\u00a0 <\/span><\/span><\/span><span style=\"font-family: 'Arial','sans-serif'\"><font size=\"3\">A WHOLE NEW WORLD Alan Menken<\/font><\/span><\/font><\/p>\n<p><font color=\"#000000\"><span style=\"font-family: Symbol\"><span><font size=\"3\">\u00b7<\/font><span style=\"font: 7pt 'Times New Roman'\">\u00a0\u00a0\u00a0\u00a0\u00a0\u00a0\u00a0\u00a0 <\/span><\/span><\/span><span style=\"font-family: 'Arial','sans-serif'\"><font size=\"3\">A CLASSICAL CHRITSMAS Arr. David Marshall<\/font><\/span><\/font><\/p>\n<p><font color=\"#000000\"><span style=\"font-family: Symbol\"><span><font size=\"3\">\u00b7<\/font><span style=\"font: 7pt 'Times New Roman'\">\u00a0\u00a0\u00a0\u00a0\u00a0\u00a0\u00a0\u00a0 <\/span><\/span><\/span><span style=\"font-family: 'Arial','sans-serif'\"><font size=\"3\">LOS TRES REYES MAGOS Arr. Gin\u00e9s Ram\u00edrez Gonz\u00e1lez <\/font><\/span><\/font><span style=\"font-family: 'Arial','sans-serif'\"><font size=\"3\" color=\"#000000\">\u00a0<\/font><\/span><strong><span style=\"font-family: 'Arial','sans-serif'\"><font size=\"3\"><font color=\"#000000\">BANDA, CORO y \u201ctodos\u201d<\/font><\/font><\/span><\/strong><\/p>\n<p><font color=\"#000000\"><span style=\"font-family: Symbol\"><span><font size=\"3\">\u00b7<\/font><span style=\"font: 7pt 'Times New Roman'\">\u00a0\u00a0\u00a0\u00a0\u00a0\u00a0\u00a0\u00a0 <\/span><\/span><\/span><span style=\"font-family: 'Arial','sans-serif'\"><font size=\"3\">NOCHE DE PAZ Franz Gruber<\/font><\/span><\/font><\/p>\n","protected":false},"excerpt":{"rendered":"<p>CORAL JUVENIL Y DE ANTIGUOS ALUMNOS\u00a0El pr\u00f3ximo domingo, d\u00eda 13 de diciembre, tras la celebraci\u00f3n de la Misa de las Familias (12 am), a la que tambi\u00e9n est\u00e1is invitados, tendr\u00e1 lugar el tradicional Concierto de Navidad a cargo de la Coral Juvenil y de Antiguos Alumnos, los otros Coros del Colegio y la Banda de [&hellip;]<\/p>\n","protected":false},"author":746,"featured_media":0,"comment_status":"closed","ping_status":"open","sticky":false,"template":"","format":"standard","meta":{"_et_pb_use_builder":"","_et_pb_old_content":"","_et_gb_content_width":"","footnotes":""},"categories":[7],"tags":[],"class_list":["post-53","post","type-post","status-publish","format-standard","hentry","category-c2-culturales"],"_links":{"self":[{"href":"https:\/\/antiguosalumnosmaravillas.com\/asociacion\/wp-json\/wp\/v2\/posts\/53","targetHints":{"allow":["GET"]}}],"collection":[{"href":"https:\/\/antiguosalumnosmaravillas.com\/asociacion\/wp-json\/wp\/v2\/posts"}],"about":[{"href":"https:\/\/antiguosalumnosmaravillas.com\/asociacion\/wp-json\/wp\/v2\/types\/post"}],"author":[{"embeddable":true,"href":"https:\/\/antiguosalumnosmaravillas.com\/asociacion\/wp-json\/wp\/v2\/users\/746"}],"replies":[{"embeddable":true,"href":"https:\/\/antiguosalumnosmaravillas.com\/asociacion\/wp-json\/wp\/v2\/comments?post=53"}],"version-history":[{"count":1,"href":"https:\/\/antiguosalumnosmaravillas.com\/asociacion\/wp-json\/wp\/v2\/posts\/53\/revisions"}],"predecessor-version":[{"id":4707,"href":"https:\/\/antiguosalumnosmaravillas.com\/asociacion\/wp-json\/wp\/v2\/posts\/53\/revisions\/4707"}],"wp:attachment":[{"href":"https:\/\/antiguosalumnosmaravillas.com\/asociacion\/wp-json\/wp\/v2\/media?parent=53"}],"wp:term":[{"taxonomy":"category","embeddable":true,"href":"https:\/\/antiguosalumnosmaravillas.com\/asociacion\/wp-json\/wp\/v2\/categories?post=53"},{"taxonomy":"post_tag","embeddable":true,"href":"https:\/\/antiguosalumnosmaravillas.com\/asociacion\/wp-json\/wp\/v2\/tags?post=53"}],"curies":[{"name":"wp","href":"https:\/\/api.w.org\/{rel}","templated":true}]}}