{"id":469,"date":"2015-12-21T15:23:05","date_gmt":"2015-12-21T14:23:05","guid":{"rendered":"http:\/\/antiguosalumnosmaravillas.com\/asociacion\/?p=469"},"modified":"2025-12-10T18:57:12","modified_gmt":"2025-12-10T17:57:12","slug":"8o-torneo-futbol-sala-aa-aa-maravillas","status":"publish","type":"post","link":"https:\/\/antiguosalumnosmaravillas.com\/asociacion\/8o-torneo-futbol-sala-aa-aa-maravillas\/","title":{"rendered":"8\u00ba Torneo F\u00fatbol Sala AA. AA. Maravillas"},"content":{"rendered":"<p>[et_pb_section admin_label=\u00bbsection\u00bb][et_pb_row admin_label=\u00bbrow\u00bb][et_pb_column type=\u00bb4_4&#8243;][et_pb_text admin_label=\u00bbTexto\u00bb background_layout=\u00bblight\u00bb text_orientation=\u00bbjustified\u00bb text_font_size=\u00bb14&#8243; use_border_color=\u00bboff\u00bb border_color=\u00bb#ffffff\u00bb border_style=\u00bbsolid\u00bb]<\/p>\n<p style=\"text-align: justify;\"><strong>CR\u00d3NICA:<\/strong><\/p>\n<p style=\"text-align: justify;\">El domingo 20 de diciembre, d\u00eda de las elecciones, fue el d\u00eda elegido para volver al colegio, y recuperar nuestros recuerdos, ya que la forma f\u00edsica, algunos es muy dif\u00edcil que la recuperemos\u2026 Lo primero que nos record\u00f3 Paco fue que se jugaba con las \u201cnormas de patio de colegio\u201d (casi todo vale siempre que disfrutemos jugando y nos respetemos)\u2026 Pues eso, ilustres jugadores de f\u00fatbol como Luis Alonso y Fernando de Prada almas del SALLEMA, Club de f\u00fatbol salido del colegio en los a\u00f1os 70\u2026 \u00c1lvaro Fern\u00e1ndez, jugador m\u00e1s veterano del Torneo, que demostr\u00f3 que en su \u00e9poca los deportistas eran multifuncionales\u2026 Joaqu\u00edn Parrilla, que se qued\u00f3 sin su trofeo de m\u00e1s veterano en favor de \u00c1lvaro Fern\u00e1ndez\u2026 Paco se puso las zapatillas de jugar\u2026y destap\u00f3 el tarro de las esencias, y nos deleit\u00f3 con dos golazos\u2026luego se rindi\u00f3 al paso del tiempo\u2026 Veteranos, menos veteranos, m\u00e1s j\u00f3venes\u2026todos dieron de s\u00ed el m\u00e1ximo y disfrutamos de una tarde \u201cMARAVILLOSA\u201d\u2026 Los m\u00e1s afortunados pisaron el parqu\u00e9 del gimnasio como anta\u00f1o\u2026los menos tuvieron que abrir bien los ojos y jugar al aire libre en el patio que nos vio crecer\u2026 Sube al patio, baja al gimnasio, quien nos arbitra\u2026 Da gusto estar con buena gente, jugar por divertirte\u2026y si adem\u00e1s ganas\u2026uf\u2026 Carlos Palomino, capit\u00e1n de LOS PISHITAS recogi\u00f3 el Trofeo, despu\u00e9s de que Paco nos echara su \u00faltima \u00b7platica\u00b7 como vocal de deportes, y Juan Carlos, hiciera lo propio como Presidente de la AA. AA. Maravillas\u2026 El \u00e1gape tradicional puso punto y final a las votaciones\u2026perd\u00f3n al Torneo (en que estar\u00eda yo pensando).<\/p>\n<p style=\"text-align: justify;\">Nos volveremos a ver el a\u00f1o que viene, aunque no estar\u00e1n Paco y Juan Carlos, como directivos, seguro que seguir\u00e1n en la organizaci\u00f3n de los torneos de lo que sea\u2026<\/p>\n<p style=\"text-align: justify;\">FELIZ NAVIDAD y UN PROSPERO Y FELIZ 2016 PARA TODOS.<\/p>\n<p style=\"text-align: justify;\"><strong>CLASIFICACI\u00d3N:<\/strong><\/p>\n<table>\n<tbody>\n<tr>\n<td width=\"191\"><strong>CAMPE\u00d3N ABSOLUTO<\/strong><\/td>\n<td width=\"229\">LOS PISHITAS<\/td>\n<\/tr>\n<tr>\n<td width=\"191\">SUBCAMPE\u00d3N<\/td>\n<td width=\"229\">BAYER DE LOS CAIDOS<\/td>\n<\/tr>\n<tr>\n<td width=\"191\">3\u00ba<\/td>\n<td width=\"229\">JUAN SE CASA<\/td>\n<\/tr>\n<tr>\n<td width=\"191\">4\u00ba<\/td>\n<td width=\"229\">LOS AMIGOS DEL PARRI<\/td>\n<\/tr>\n<tr>\n<td width=\"191\"><strong>5\u00ba CAMPE\u00d3N CONSOLACI\u00d3N<\/strong><\/td>\n<td width=\"229\">REAL BARRIL FC<\/td>\n<\/tr>\n<tr>\n<td width=\"191\">6\u00ba<\/td>\n<td width=\"229\">JUVENTUDES BERNABEU<\/td>\n<\/tr>\n<tr>\n<td width=\"191\">7\u00ba<\/td>\n<td width=\"229\">LOS FERN\u00c1NDEZ DE DON PELAYO<\/td>\n<\/tr>\n<tr>\n<td width=\"191\">8\u00ba<\/td>\n<td width=\"229\">LOS GAL\u00c1CTICOS<\/td>\n<\/tr>\n<tr>\n<td width=\"191\"><strong>TROFEO AL M\u00c1S VETERANO<\/strong><\/td>\n<td width=\"229\">\u00c1LVARO FERN\u00c1NDEZ<\/td>\n<\/tr>\n<\/tbody>\n<\/table>\n<p>[\/et_pb_text][\/et_pb_column][\/et_pb_row][et_pb_row admin_label=\u00bbFila\u00bb][et_pb_column type=\u00bb4_4&#8243;][et_pb_gallery admin_label=\u00bbGaler\u00eda\u00bb gallery_ids=\u00bb470,471,472,480,481,482&#8243; fullwidth=\u00bboff\u00bb show_title_and_caption=\u00bbon\u00bb show_pagination=\u00bboff\u00bb background_layout=\u00bblight\u00bb auto=\u00bboff\u00bb hover_overlay_color=\u00bbrgba(255,255,255,0.9)\u00bb caption_font_size=\u00bb14&#8243; caption_all_caps=\u00bboff\u00bb title_font_size=\u00bb16&#8243; use_border_color=\u00bboff\u00bb border_color=\u00bb#ffffff\u00bb border_style=\u00bbsolid\u00bb posts_number=\u00bb6&#8243;] [\/et_pb_gallery][\/et_pb_column][\/et_pb_row][\/et_pb_section]<\/p>\n","protected":false},"excerpt":{"rendered":"<p>CR\u00d3NICA: El domingo 20 de diciembre, d\u00eda de las elecciones, fue el d\u00eda elegido para volver al colegio, y recuperar nuestros recuerdos, ya que la forma f\u00edsica, algunos es muy dif\u00edcil que la recuperemos\u2026 Lo primero que nos record\u00f3 Paco fue que se jugaba con las \u201cnormas de patio de colegio\u201d (casi todo vale siempre [&hellip;]<\/p>\n","protected":false},"author":2,"featured_media":373,"comment_status":"closed","ping_status":"closed","sticky":false,"template":"","format":"standard","meta":{"_et_pb_use_builder":"on","_et_pb_old_content":"","_et_gb_content_width":"","footnotes":""},"categories":[2,6],"tags":[],"class_list":["post-469","post","type-post","status-publish","format-standard","has-post-thumbnail","hentry","category-s1-actividades","category-c1-deportivas"],"_links":{"self":[{"href":"https:\/\/antiguosalumnosmaravillas.com\/asociacion\/wp-json\/wp\/v2\/posts\/469","targetHints":{"allow":["GET"]}}],"collection":[{"href":"https:\/\/antiguosalumnosmaravillas.com\/asociacion\/wp-json\/wp\/v2\/posts"}],"about":[{"href":"https:\/\/antiguosalumnosmaravillas.com\/asociacion\/wp-json\/wp\/v2\/types\/post"}],"author":[{"embeddable":true,"href":"https:\/\/antiguosalumnosmaravillas.com\/asociacion\/wp-json\/wp\/v2\/users\/2"}],"replies":[{"embeddable":true,"href":"https:\/\/antiguosalumnosmaravillas.com\/asociacion\/wp-json\/wp\/v2\/comments?post=469"}],"version-history":[{"count":3,"href":"https:\/\/antiguosalumnosmaravillas.com\/asociacion\/wp-json\/wp\/v2\/posts\/469\/revisions"}],"predecessor-version":[{"id":483,"href":"https:\/\/antiguosalumnosmaravillas.com\/asociacion\/wp-json\/wp\/v2\/posts\/469\/revisions\/483"}],"wp:featuredmedia":[{"embeddable":true,"href":"https:\/\/antiguosalumnosmaravillas.com\/asociacion\/wp-json\/wp\/v2\/media\/373"}],"wp:attachment":[{"href":"https:\/\/antiguosalumnosmaravillas.com\/asociacion\/wp-json\/wp\/v2\/media?parent=469"}],"wp:term":[{"taxonomy":"category","embeddable":true,"href":"https:\/\/antiguosalumnosmaravillas.com\/asociacion\/wp-json\/wp\/v2\/categories?post=469"},{"taxonomy":"post_tag","embeddable":true,"href":"https:\/\/antiguosalumnosmaravillas.com\/asociacion\/wp-json\/wp\/v2\/tags?post=469"}],"curies":[{"name":"wp","href":"https:\/\/api.w.org\/{rel}","templated":true}]}}