{"id":4070,"date":"2024-04-21T09:53:27","date_gmt":"2024-04-21T07:53:27","guid":{"rendered":"https:\/\/antiguosalumnosmaravillas.com\/asociacion\/?p=4070"},"modified":"2025-12-10T18:56:56","modified_gmt":"2025-12-10T17:56:56","slug":"celebracion-41-aniversario-promocion-92-93","status":"publish","type":"post","link":"https:\/\/antiguosalumnosmaravillas.com\/asociacion\/celebracion-41-aniversario-promocion-92-93\/","title":{"rendered":"Celebraci\u00f3n 41 aniversario. Promoci\u00f3n 92\/93"},"content":{"rendered":"<p>[et_pb_section fb_built=\u00bb1&#8243; theme_builder_area=\u00bbpost_content\u00bb _builder_version=\u00bb4.25.1&#8243; _module_preset=\u00bbdefault\u00bb][et_pb_row _builder_version=\u00bb4.25.1&#8243; _module_preset=\u00bbdefault\u00bb theme_builder_area=\u00bbpost_content\u00bb][et_pb_column _builder_version=\u00bb4.25.1&#8243; _module_preset=\u00bbdefault\u00bb type=\u00bb4_4&#8243; theme_builder_area=\u00bbpost_content\u00bb][et_pb_text _builder_version=\u00bb4.25.1&#8243; _module_preset=\u00bbdefault\u00bb theme_builder_area=\u00bbpost_content\u00bb hover_enabled=\u00bb0&#8243; sticky_enabled=\u00bb0&#8243;]<\/p>\n<p>El pasado 20 de abril, se celebr\u00f3 el 41 aniversario de la promoci\u00f3n 1992-93.<\/p>\n<p>La Asociaci\u00f3n estuvo representada por Paco Parrilla, invitado por los organizadores a los actos de su celebraci\u00f3n de los 40+1 a\u00f1os que salieron del colegio.<\/p>\n<p>A esta promoci\u00f3n pertenecen entre otros, Juanjo Cerrajero, director actual de colegio, Nacho Castro, directivo y profesor del colegio&#8230; y muchos m\u00e1s.<\/p>\n<p>Les ense\u00f1amos el colegio renovado, estuvieron en la zona de su antiguo COU, el gimnasio, realizaron un acto en el anfiteatro y como no pod\u00eda ser de otra manera, cantamos el himno en la Iglesia.<\/p>\n<p>Finalizaron la celebraci\u00f3n con un fenomenal \u00e1gape en la Casa de Arag\u00f3n.<\/p>\n<p>[\/et_pb_text][et_pb_gallery _builder_version=\u00bb4.25.1&#8243; _module_preset=\u00bbdefault\u00bb theme_builder_area=\u00bbpost_content\u00bb hover_enabled=\u00bb0&#8243; sticky_enabled=\u00bb0&#8243; gallery_ids=\u00bb4074,4073,4075&#8243; posts_number=\u00bb3&#8243; show_title_and_caption=\u00bboff\u00bb show_pagination=\u00bboff\u00bb][\/et_pb_gallery][\/et_pb_column][\/et_pb_row][\/et_pb_section]<\/p>\n","protected":false},"excerpt":{"rendered":"<p>El pasado 20 de abril, se celebr\u00f3 el 41 aniversario de la promoci\u00f3n 1992-93. La Asociaci\u00f3n estuvo representada por Paco Parrilla, invitado por los organizadores a los actos de su celebraci\u00f3n de los 40+1 a\u00f1os que salieron del colegio. A esta promoci\u00f3n pertenecen entre otros, Juanjo Cerrajero, director actual de colegio, Nacho Castro, directivo y [&hellip;]<\/p>\n","protected":false},"author":2,"featured_media":4074,"comment_status":"closed","ping_status":"closed","sticky":false,"template":"","format":"standard","meta":{"_et_pb_use_builder":"on","_et_pb_old_content":"","_et_gb_content_width":"","footnotes":""},"categories":[2,11],"tags":[],"class_list":["post-4070","post","type-post","status-publish","format-standard","has-post-thumbnail","hentry","category-s1-actividades","category-c23-aniversarios"],"_links":{"self":[{"href":"https:\/\/antiguosalumnosmaravillas.com\/asociacion\/wp-json\/wp\/v2\/posts\/4070","targetHints":{"allow":["GET"]}}],"collection":[{"href":"https:\/\/antiguosalumnosmaravillas.com\/asociacion\/wp-json\/wp\/v2\/posts"}],"about":[{"href":"https:\/\/antiguosalumnosmaravillas.com\/asociacion\/wp-json\/wp\/v2\/types\/post"}],"author":[{"embeddable":true,"href":"https:\/\/antiguosalumnosmaravillas.com\/asociacion\/wp-json\/wp\/v2\/users\/2"}],"replies":[{"embeddable":true,"href":"https:\/\/antiguosalumnosmaravillas.com\/asociacion\/wp-json\/wp\/v2\/comments?post=4070"}],"version-history":[{"count":2,"href":"https:\/\/antiguosalumnosmaravillas.com\/asociacion\/wp-json\/wp\/v2\/posts\/4070\/revisions"}],"predecessor-version":[{"id":4077,"href":"https:\/\/antiguosalumnosmaravillas.com\/asociacion\/wp-json\/wp\/v2\/posts\/4070\/revisions\/4077"}],"wp:featuredmedia":[{"embeddable":true,"href":"https:\/\/antiguosalumnosmaravillas.com\/asociacion\/wp-json\/wp\/v2\/media\/4074"}],"wp:attachment":[{"href":"https:\/\/antiguosalumnosmaravillas.com\/asociacion\/wp-json\/wp\/v2\/media?parent=4070"}],"wp:term":[{"taxonomy":"category","embeddable":true,"href":"https:\/\/antiguosalumnosmaravillas.com\/asociacion\/wp-json\/wp\/v2\/categories?post=4070"},{"taxonomy":"post_tag","embeddable":true,"href":"https:\/\/antiguosalumnosmaravillas.com\/asociacion\/wp-json\/wp\/v2\/tags?post=4070"}],"curies":[{"name":"wp","href":"https:\/\/api.w.org\/{rel}","templated":true}]}}