{"id":29,"date":"2009-04-17T07:46:51","date_gmt":"2009-04-17T07:46:51","guid":{"rendered":"http:\/\/antiguosalumnosmaravillas.com\/asociacion\/?p=29"},"modified":"2025-12-10T19:03:40","modified_gmt":"2025-12-10T18:03:40","slug":"actuacion-del-coro-de-antiguos-alumnos-iglesia-san-jeronimo-el-real","status":"publish","type":"post","link":"https:\/\/antiguosalumnosmaravillas.com\/asociacion\/actuacion-del-coro-de-antiguos-alumnos-iglesia-san-jeronimo-el-real\/","title":{"rendered":"Actuaci\u00f3n del Coro de Antiguos Alumnos Iglesia San Jer\u00f3nimo El Real"},"content":{"rendered":"<p><em><span style=\"font-size: 12pt; font-family: Verdana, sans-serif\"><font color=\"#000000\">El pr\u00f3ximo d\u00eda 25 de abril, s\u00e1bado, a las 19.45 horas, en la Iglesia de los Jer\u00f3nimos de Madrid, tendr\u00e1 lugar la actuaci\u00f3n de la \u00abCoral Juvenil y de Antiguos Alumnos\u00bb, del Colegio, que actuar\u00e1 junto al \u00abCoro de Voces Blancas\u00bb, tambi\u00e9n del Colegio, y el \u00abCoro Infantil de la Orquesta Filarm\u00f3nica de Gran Canaria\u00bb.<\/font><\/span><\/em><\/p>\n<p><font color=\"#000000\"><em><span style=\"font-size: 12pt; font-family: Verdana, sans-serif\">La actuaci\u00f3n versar\u00e1 sobre m\u00fasica religiosa (Ver Programa adjunto), y est\u00e1is todos invitados, tanto antiguos alumnos, como amigos y familiares.<\/span><\/em><\/font><span style=\"font-size: 14pt\"><font face=\"Calibri\" color=\"#000000\">\u00a0<\/font><\/span><span style=\"font-size: 14pt\"><font face=\"Calibri\" color=\"#000000\">\u00a0<\/font><\/span> <\/p>\n<p> <!--more--> <\/p>\n<p><strong><span style=\"font-size: 14pt; color: black\"><font face=\"Times New Roman\">Iglesia de San Jer\u00f3nimo El<span>\u00a0 <\/span>Real \u2013Madrid-<span>\u00a0 <\/span>25 de abril 2009 \u2013 19:45<\/font><\/span><\/strong><span style=\"font-size: 14pt; color: #444444; font-family: Tahoma, sans-serif\">\u00a0<\/span><strong><u><span style=\"color: black\"><font size=\"3\"><font face=\"Times New Roman\">\u00a0<\/font><\/font><\/span><\/u><\/strong><\/p>\n<p><strong><u><span style=\"color: black\"><font size=\"3\"><font face=\"Times New Roman\"><em>PROGRAMA<\/em>\u00a0<\/font><\/font><\/span><\/u><\/strong><strong><em><u><span style=\"color: black\"><font size=\"3\"><font face=\"Times New Roman\">Coro Juvenil y de Antiguos Alumnos del Colegio \u201cNtra. Sra. de las Maravillas\u201d<\/font><\/font><\/span><\/u><\/em><\/strong><\/p>\n<p><span style=\"color: black\"><font size=\"3\"><font face=\"Times New Roman\">-Verbum Caro factum est (An\u00f3nimo siglo XV)<\/font><\/font><\/span><\/p>\n<p><span style=\"color: black\"><font size=\"3\"><font face=\"Times New Roman\">-Signore delle cime (G. de Marzi)<\/font><\/font><\/span><\/p>\n<p><span style=\"color: black\"><font size=\"3\"><font face=\"Times New Roman\">-Beati Mortui * (F\u00e9lix Mendelsoohn)<\/font><\/font><\/span><\/p>\n<p><span style=\"color: black\"><font size=\"3\"><font face=\"Times New Roman\">-Sanctus de la Misa Alemana (Franz Schubert)<\/font><\/font><\/span><\/p>\n<p><span style=\"color: black\"><font size=\"3\"><font face=\"Times New Roman\">-Laudate Dominum (Georg F. Haendel)<\/font><\/font><\/span><\/p>\n<p><strong><em><u><span style=\"color: black\"><font size=\"3\"><font face=\"Times New Roman\">Coro de voces blancas del Colegio \u201cNtra. Sra. de las Maravillas\u201d<\/font><\/font><\/span><\/u><\/em><\/strong><\/p>\n<p><span style=\"color: black\"><font size=\"3\"><font face=\"Times New Roman\">-Tambourin (Jean Ph. Rameau)<\/font><\/font><\/span><\/p>\n<p><span style=\"color: black\"><font size=\"3\"><font face=\"Times New Roman\">-La nuit (JeanPh. Rameau)<\/font><\/font><\/span><\/p>\n<p><span style=\"color: black\"><font size=\"3\"><font face=\"Times New Roman\">-Si come crescon (Claudio Monteverdi)<\/font><\/font><\/span><\/p>\n<p><span style=\"color: black\"><font size=\"3\"><font face=\"Times New Roman\">-Kyrie \u201cIn Memoriam\u201d (C.Barratier-B.Coulais)<\/font><\/font><\/span><\/p>\n<p><span style=\"color: black\"><font size=\"3\"><font face=\"Times New Roman\">-This little Babe de \u201cA Ceremony of Carols (Benjamin Britten)<\/font><\/font><\/span><\/p>\n<p><strong><em><span style=\"color: black\"><font size=\"3\"><font face=\"Times New Roman\">Piano: Javier Ibarz Gabard\u00f3s<\/font><\/font><\/span><\/em><\/strong><\/p>\n<p><strong><em><span style=\"color: black\"><font size=\"3\"><font face=\"Times New Roman\">Director: Eduardo Calcagno Fiore<\/font><\/font><\/span><\/em><\/strong><strong><em><span style=\"font-size: 10pt; color: black\"><font face=\"Times New Roman\">(*en Beati Mortui: Director Javier Ibarz Gabard\u00f3s)<\/font><\/span><\/em><\/strong><\/p>\n<p><strong><em><u><font size=\"3\"><font face=\"Times New Roman\"><span style=\"color: black\">Coro I<\/span><span style=\"color: black\">nfantil de la Orquesta Filarm\u00f3nica de Gran Canaria<\/span><\/font><\/font><\/u><\/em><\/strong><\/p>\n<p><font size=\"3\"><font face=\"Times New Roman\"><span style=\"color: black\">&#8211; Kyrie (Cantos de la misa Incaica)<\/span><\/font><\/font><\/p>\n<p><font size=\"3\"><font face=\"Times New Roman\"><span style=\"color: black\">&#8211; Arrorr\u00f3 (J. Falc\u00f3n Sanabria)<\/span><\/font><\/font><\/p>\n<p><font size=\"3\"><font face=\"Times New Roman\"><span style=\"color: black\">&#8211; Ave Maria (D. Andreo)<\/span><\/font><\/font><\/p>\n<p><font size=\"3\"><font face=\"Times New Roman\"><span style=\"color: black\">&#8211; Somebody\u00b4s Knocking (Espiritual)<\/span><\/font><\/font><\/p>\n<p><font size=\"3\"><font face=\"Times New Roman\"><span style=\"color: black\">&#8211; Misa en Re Menor (A. Nepomuceno)<\/span><\/font><\/font><\/p>\n<p><font face=\"Times New Roman\"><span style=\"font-size: 10pt; color: black\">&#8211; Kirie<\/span><\/font><\/p>\n<p><font face=\"Times New Roman\"><span style=\"font-size: 10pt; color: black\">&#8211; Gloria<\/span><\/font><\/p>\n<p><font face=\"Times New Roman\"><span style=\"font-size: 10pt; color: black\">&#8211; Sanctus<\/span><\/font><\/p>\n<p><font face=\"Times New Roman\"><span style=\"font-size: 10pt; color: black\">&#8211;<\/span><\/font><font face=\"Times New Roman\"><span style=\"font-size: 10pt; color: black\">\u00a0Benedictus<\/span><\/font><\/p>\n<p><span style=\"font-size: 10pt; color: black; font-family: Arial, sans-serif\">&#8211; <\/span><font face=\"Times New Roman\"><span style=\"font-size: 10pt; color: black\">Agnus Dei<\/span><\/font><\/p>\n<p><font size=\"3\"><font face=\"Times New Roman\"><span style=\"color: black\">&#8211; Amen (G. B. Pergolesi)<\/span><\/font><\/font><\/p>\n<p><font size=\"3\"><font face=\"Times New Roman\"><span style=\"color: black\">&#8211; Halleluya (G. F H\u00e4ndel)<\/span><\/font><\/font> <\/p>\n<p style=\"margin: 0cm 0cm 0pt; text-align: center\" class=\"MsoNormal\" align=\"center\">\u00a0<\/p>\n<p><font size=\"3\"><font face=\"Times New Roman\"><strong><em><span style=\"color: black\">Piano \u2013 \u00d3rgano: Nauzet Mederos Mart\u00edn<\/span><\/em><\/strong><\/font><\/font><\/p>\n<p><strong><em><span style=\"color: black\"><font face=\"Times New Roman\" size=\"3\">Directora: Marcela Garr\u00f3n Velarde<\/font><\/span><\/em><\/strong><\/p>\n","protected":false},"excerpt":{"rendered":"<p>El pr\u00f3ximo d\u00eda 25 de abril, s\u00e1bado, a las 19.45 horas, en la Iglesia de los Jer\u00f3nimos de Madrid, tendr\u00e1 lugar la actuaci\u00f3n de la \u00abCoral Juvenil y de Antiguos Alumnos\u00bb, del Colegio, que actuar\u00e1 junto al \u00abCoro de Voces Blancas\u00bb, tambi\u00e9n del Colegio, y el \u00abCoro Infantil de la Orquesta Filarm\u00f3nica de Gran Canaria\u00bb. [&hellip;]<\/p>\n","protected":false},"author":746,"featured_media":0,"comment_status":"closed","ping_status":"open","sticky":false,"template":"","format":"standard","meta":{"_et_pb_use_builder":"","_et_pb_old_content":"","_et_gb_content_width":"","footnotes":""},"categories":[7],"tags":[],"class_list":["post-29","post","type-post","status-publish","format-standard","hentry","category-c2-culturales"],"_links":{"self":[{"href":"https:\/\/antiguosalumnosmaravillas.com\/asociacion\/wp-json\/wp\/v2\/posts\/29","targetHints":{"allow":["GET"]}}],"collection":[{"href":"https:\/\/antiguosalumnosmaravillas.com\/asociacion\/wp-json\/wp\/v2\/posts"}],"about":[{"href":"https:\/\/antiguosalumnosmaravillas.com\/asociacion\/wp-json\/wp\/v2\/types\/post"}],"author":[{"embeddable":true,"href":"https:\/\/antiguosalumnosmaravillas.com\/asociacion\/wp-json\/wp\/v2\/users\/746"}],"replies":[{"embeddable":true,"href":"https:\/\/antiguosalumnosmaravillas.com\/asociacion\/wp-json\/wp\/v2\/comments?post=29"}],"version-history":[{"count":1,"href":"https:\/\/antiguosalumnosmaravillas.com\/asociacion\/wp-json\/wp\/v2\/posts\/29\/revisions"}],"predecessor-version":[{"id":4731,"href":"https:\/\/antiguosalumnosmaravillas.com\/asociacion\/wp-json\/wp\/v2\/posts\/29\/revisions\/4731"}],"wp:attachment":[{"href":"https:\/\/antiguosalumnosmaravillas.com\/asociacion\/wp-json\/wp\/v2\/media?parent=29"}],"wp:term":[{"taxonomy":"category","embeddable":true,"href":"https:\/\/antiguosalumnosmaravillas.com\/asociacion\/wp-json\/wp\/v2\/categories?post=29"},{"taxonomy":"post_tag","embeddable":true,"href":"https:\/\/antiguosalumnosmaravillas.com\/asociacion\/wp-json\/wp\/v2\/tags?post=29"}],"curies":[{"name":"wp","href":"https:\/\/api.w.org\/{rel}","templated":true}]}}