{"id":261,"date":"2015-05-26T09:39:20","date_gmt":"2015-05-26T09:39:20","guid":{"rendered":"http:\/\/antiguosalumnosmaravillas.com\/asociacion\/?p=261"},"modified":"2025-12-10T18:57:16","modified_gmt":"2025-12-10T17:57:16","slug":"cronica-de-la-presentacion-del-libro-de-francisco-javier-oliva-gil-cruzar-el-rio","status":"publish","type":"post","link":"https:\/\/antiguosalumnosmaravillas.com\/asociacion\/cronica-de-la-presentacion-del-libro-de-francisco-javier-oliva-gil-cruzar-el-rio\/","title":{"rendered":"CR\u00d3NICA DE LA PRESENTACI\u00d3N DEL LIBRO DE  FRANCISCO JAVIER OLIVA GIL: \u201cCRUZAR EL R\u00cdO\u201d"},"content":{"rendered":"<p>El pasado d\u00eda 21 de mayo tuvimos la oportunidad de contar con la presencia de Francisco Javier Oliva Gil. Javier nos present\u00f3 su \u00faltima novela publicada, \u201cCruzar el r\u00edo\u201d, en la cual nos describe lo mejor y lo peor de la condici\u00f3n humana.<\/p>\n<p>La presentaci\u00f3n de un libro era una nueva experiencia para el Colegio, impulsada por la Asociaci\u00f3n de Antiguos Alumnos, dado que no era f\u00e1cil encontrar a un escritor de la talla de Javier, finalista de la XVII Edici\u00f3n Fernando Lara de novela a la vez que antiguo alumno de este Colegio.<\/p>\n<p>Por ello, la Asociaci\u00f3n se puso manos a la obra para organizarlo todo y para conseguir que Javier pudiera hacer la presentaci\u00f3n de la forma m\u00e1s c\u00f3moda y cercana posible.<\/p>\n<p>El lugar elegido fue nuestra maravillosa cafeter\u00eda, donde Javier nos deleit\u00f3, en un principio, con unos recuerdos c\u00f3micos y maravillosos de su etapa como alumno, pasando por un repaso por su biograf\u00eda como escritor y culminando su presentaci\u00f3n con la consiguiente firma de libros al final del acto.<\/p>\n<p>\u00a1Gracias Javier por habernos permitido compartir estos momentos!<\/p>\n<p>  <img decoding=\"async\" src=\"images\/stories\/p5216524.jpg\" alt=\"FOTO PRESENTACI\u00d3N LIBRO\" width=500 height=300\/><\/p>\n","protected":false},"excerpt":{"rendered":"<p>El pasado d\u00eda 21 de mayo tuvimos la oportunidad de contar con la presencia de Francisco Javier Oliva Gil. Javier nos present\u00f3 su \u00faltima novela publicada, \u201cCruzar el r\u00edo\u201d, en la cual nos describe lo mejor y lo peor de la condici\u00f3n humana. La presentaci\u00f3n de un libro era una nueva experiencia para el Colegio, [&hellip;]<\/p>\n","protected":false},"author":746,"featured_media":0,"comment_status":"closed","ping_status":"open","sticky":false,"template":"","format":"standard","meta":{"_et_pb_use_builder":"","_et_pb_old_content":"","_et_gb_content_width":"","footnotes":""},"categories":[6],"tags":[],"class_list":["post-261","post","type-post","status-publish","format-standard","hentry","category-c1-deportivas"],"_links":{"self":[{"href":"https:\/\/antiguosalumnosmaravillas.com\/asociacion\/wp-json\/wp\/v2\/posts\/261","targetHints":{"allow":["GET"]}}],"collection":[{"href":"https:\/\/antiguosalumnosmaravillas.com\/asociacion\/wp-json\/wp\/v2\/posts"}],"about":[{"href":"https:\/\/antiguosalumnosmaravillas.com\/asociacion\/wp-json\/wp\/v2\/types\/post"}],"author":[{"embeddable":true,"href":"https:\/\/antiguosalumnosmaravillas.com\/asociacion\/wp-json\/wp\/v2\/users\/746"}],"replies":[{"embeddable":true,"href":"https:\/\/antiguosalumnosmaravillas.com\/asociacion\/wp-json\/wp\/v2\/comments?post=261"}],"version-history":[{"count":1,"href":"https:\/\/antiguosalumnosmaravillas.com\/asociacion\/wp-json\/wp\/v2\/posts\/261\/revisions"}],"predecessor-version":[{"id":4504,"href":"https:\/\/antiguosalumnosmaravillas.com\/asociacion\/wp-json\/wp\/v2\/posts\/261\/revisions\/4504"}],"wp:attachment":[{"href":"https:\/\/antiguosalumnosmaravillas.com\/asociacion\/wp-json\/wp\/v2\/media?parent=261"}],"wp:term":[{"taxonomy":"category","embeddable":true,"href":"https:\/\/antiguosalumnosmaravillas.com\/asociacion\/wp-json\/wp\/v2\/categories?post=261"},{"taxonomy":"post_tag","embeddable":true,"href":"https:\/\/antiguosalumnosmaravillas.com\/asociacion\/wp-json\/wp\/v2\/tags?post=261"}],"curies":[{"name":"wp","href":"https:\/\/api.w.org\/{rel}","templated":true}]}}