{"id":254,"date":"2015-04-21T16:24:09","date_gmt":"2015-04-21T16:24:09","guid":{"rendered":"http:\/\/antiguosalumnosmaravillas.com\/asociacion\/?p=254"},"modified":"2025-12-10T18:57:19","modified_gmt":"2025-12-10T17:57:19","slug":"25-anos-del-coro-maravillas-25-abril","status":"publish","type":"post","link":"https:\/\/antiguosalumnosmaravillas.com\/asociacion\/25-anos-del-coro-maravillas-25-abril\/","title":{"rendered":"25 A\u00f1os del Coro Maravillas &#8211; 25 abril"},"content":{"rendered":"<p><img decoding=\"async\" src=\"images\/stories\/coromara.jpg\" alt=\"\" \/>  <\/p>\n<p>    El Coro Maravillas cumple 25 a\u00f1os de vida y para celebrar este 25  aniversario, el Coro ofrecer\u00e1 pr\u00f3ximamente dos conciertos  extraordinarios, ambos con un Programa similar:  1. El s\u00e1bado 25 de abril, a las 19:30, en el Teatro del colegio,  tendremos el primero de ellos, con la presencia de antiguos miembros del  Coro, y de sus directores fundadores, Eduardo Calcagno y Cristina  Collar, a quienes rendiremos un sentido homenaje. Entrada libre  2. El s\u00e1bado 9 de mayo, a las 20 horas, se ofrecer\u00e1 un segundo concierto  en el Teatro Monumental de Madrid, con la colaboraci\u00f3n de la Fundaci\u00f3n  Chamart\u00edn y la participaci\u00f3n de las orquestas Allegro, Celeste 21 y  Orfe\u00f3n Chamart\u00edn. Entradas a 5 euros (www.entradas.com y Taquilla Teatro  Monumental)  Toda una fiesta musical para celebrar por todo lo alto los 25 a\u00f1os de  historia del Coro Maravillas. \u00a1Os esperamos!<\/p>\n","protected":false},"excerpt":{"rendered":"<p>El Coro Maravillas cumple 25 a\u00f1os de vida y para celebrar este 25 aniversario, el Coro ofrecer\u00e1 pr\u00f3ximamente dos conciertos extraordinarios, ambos con un Programa similar: 1. El s\u00e1bado 25 de abril, a las 19:30, en el Teatro del colegio, tendremos el primero de ellos, con la presencia de antiguos miembros del Coro, y de [&hellip;]<\/p>\n","protected":false},"author":746,"featured_media":0,"comment_status":"closed","ping_status":"open","sticky":false,"template":"","format":"standard","meta":{"_et_pb_use_builder":"","_et_pb_old_content":"","_et_gb_content_width":"","footnotes":""},"categories":[6],"tags":[],"class_list":["post-254","post","type-post","status-publish","format-standard","hentry","category-c1-deportivas"],"_links":{"self":[{"href":"https:\/\/antiguosalumnosmaravillas.com\/asociacion\/wp-json\/wp\/v2\/posts\/254","targetHints":{"allow":["GET"]}}],"collection":[{"href":"https:\/\/antiguosalumnosmaravillas.com\/asociacion\/wp-json\/wp\/v2\/posts"}],"about":[{"href":"https:\/\/antiguosalumnosmaravillas.com\/asociacion\/wp-json\/wp\/v2\/types\/post"}],"author":[{"embeddable":true,"href":"https:\/\/antiguosalumnosmaravillas.com\/asociacion\/wp-json\/wp\/v2\/users\/746"}],"replies":[{"embeddable":true,"href":"https:\/\/antiguosalumnosmaravillas.com\/asociacion\/wp-json\/wp\/v2\/comments?post=254"}],"version-history":[{"count":1,"href":"https:\/\/antiguosalumnosmaravillas.com\/asociacion\/wp-json\/wp\/v2\/posts\/254\/revisions"}],"predecessor-version":[{"id":4511,"href":"https:\/\/antiguosalumnosmaravillas.com\/asociacion\/wp-json\/wp\/v2\/posts\/254\/revisions\/4511"}],"wp:attachment":[{"href":"https:\/\/antiguosalumnosmaravillas.com\/asociacion\/wp-json\/wp\/v2\/media?parent=254"}],"wp:term":[{"taxonomy":"category","embeddable":true,"href":"https:\/\/antiguosalumnosmaravillas.com\/asociacion\/wp-json\/wp\/v2\/categories?post=254"},{"taxonomy":"post_tag","embeddable":true,"href":"https:\/\/antiguosalumnosmaravillas.com\/asociacion\/wp-json\/wp\/v2\/tags?post=254"}],"curies":[{"name":"wp","href":"https:\/\/api.w.org\/{rel}","templated":true}]}}