{"id":228,"date":"2014-11-15T16:50:37","date_gmt":"2014-11-15T16:50:37","guid":{"rendered":"http:\/\/antiguosalumnosmaravillas.com\/asociacion\/?p=228"},"modified":"2025-12-10T18:58:15","modified_gmt":"2025-12-10T17:58:15","slug":"otro-de-maravillas-en-ourense","status":"publish","type":"post","link":"https:\/\/antiguosalumnosmaravillas.com\/asociacion\/otro-de-maravillas-en-ourense\/","title":{"rendered":"OTRO DE MARAVILLAS EN OURENSE"},"content":{"rendered":"<p>Soy Jos\u00e9 Ignacio M\u00e1rquez y desde este rinc\u00f3n te quiero saludar Ana, no ten\u00eda ni la menor idea de que pudiera haber antiguos alumnos de Maravillas en Ourense, aqu\u00ed resido por cuesti\u00f3n de trabajo desde hace 33 a\u00f1os, aqu\u00ed me cas\u00e9 y aqu\u00ed he tenido 5 hijos, mi promoci\u00f3n es pero que muy anterior a la tuya la 68\/69, precisamente la primera chica que se matricul\u00f3 en Maravillas, fu\u00e9 ese a\u00f1o en PREU, aunque yo dej\u00e9 el Colegio un a\u00f1o antes. No s\u00e9 si sigues en Ourense en tu trabajo de dise\u00f1adora de CH , pues lo que he le\u00eddo de t\u00ed es de hace dos a\u00f1os, de todas formas aqu\u00ed tenemos una forma de contacto, cuando pase por la tienda preguntar\u00e9 por t\u00ed. Un saludo. Jos\u00e9 Ignacio M\u00e1rquez Vigil<\/p>\n","protected":false},"excerpt":{"rendered":"<p>Soy Jos\u00e9 Ignacio M\u00e1rquez y desde este rinc\u00f3n te quiero saludar Ana, no ten\u00eda ni la menor idea de que pudiera haber antiguos alumnos de Maravillas en Ourense, aqu\u00ed resido por cuesti\u00f3n de trabajo desde hace 33 a\u00f1os, aqu\u00ed me cas\u00e9 y aqu\u00ed he tenido 5 hijos, mi promoci\u00f3n es pero que muy anterior a [&hellip;]<\/p>\n","protected":false},"author":746,"featured_media":0,"comment_status":"closed","ping_status":"open","sticky":false,"template":"","format":"standard","meta":{"_et_pb_use_builder":"","_et_pb_old_content":"","_et_gb_content_width":"","footnotes":""},"categories":[20],"tags":[],"class_list":["post-228","post","type-post","status-publish","format-standard","hentry","category-c17-comentarios"],"_links":{"self":[{"href":"https:\/\/antiguosalumnosmaravillas.com\/asociacion\/wp-json\/wp\/v2\/posts\/228","targetHints":{"allow":["GET"]}}],"collection":[{"href":"https:\/\/antiguosalumnosmaravillas.com\/asociacion\/wp-json\/wp\/v2\/posts"}],"about":[{"href":"https:\/\/antiguosalumnosmaravillas.com\/asociacion\/wp-json\/wp\/v2\/types\/post"}],"author":[{"embeddable":true,"href":"https:\/\/antiguosalumnosmaravillas.com\/asociacion\/wp-json\/wp\/v2\/users\/746"}],"replies":[{"embeddable":true,"href":"https:\/\/antiguosalumnosmaravillas.com\/asociacion\/wp-json\/wp\/v2\/comments?post=228"}],"version-history":[{"count":1,"href":"https:\/\/antiguosalumnosmaravillas.com\/asociacion\/wp-json\/wp\/v2\/posts\/228\/revisions"}],"predecessor-version":[{"id":4536,"href":"https:\/\/antiguosalumnosmaravillas.com\/asociacion\/wp-json\/wp\/v2\/posts\/228\/revisions\/4536"}],"wp:attachment":[{"href":"https:\/\/antiguosalumnosmaravillas.com\/asociacion\/wp-json\/wp\/v2\/media?parent=228"}],"wp:term":[{"taxonomy":"category","embeddable":true,"href":"https:\/\/antiguosalumnosmaravillas.com\/asociacion\/wp-json\/wp\/v2\/categories?post=228"},{"taxonomy":"post_tag","embeddable":true,"href":"https:\/\/antiguosalumnosmaravillas.com\/asociacion\/wp-json\/wp\/v2\/tags?post=228"}],"curies":[{"name":"wp","href":"https:\/\/api.w.org\/{rel}","templated":true}]}}