{"id":217,"date":"2014-07-07T08:51:10","date_gmt":"2014-07-07T08:51:10","guid":{"rendered":"http:\/\/antiguosalumnosmaravillas.com\/asociacion\/?p=217"},"modified":"2025-12-10T18:58:19","modified_gmt":"2025-12-10T17:58:19","slug":"promocion-del-63-en-suecia","status":"publish","type":"post","link":"https:\/\/antiguosalumnosmaravillas.com\/asociacion\/promocion-del-63-en-suecia\/","title":{"rendered":"Promoci\u00f3n del 63 en Suecia"},"content":{"rendered":"<p>Entre los d\u00edas 21 y 25 de Junio 2014 unos cuantos compa\u00f1eros\u00a0 de la Promocion de 1963, acompa\u00f1ados de sus esposas y como continuaci\u00f3n a la celebraci\u00f3n del 50\u00ba Aniversario, hicimos un viaje a Estocolmo para visitar a nuestro compa\u00f1ero y Embajador en Suecia, Javier Jimenez-Ugarte.<img decoding=\"async\" src=\"images\/stories\/suecia.jpg\" border=\"0\" width=\"360\" style=\"float: right; border: 0px none;\" \/><\/p>\n<p>La planificaci\u00f3n y fechas, fue cambiando desde empezamos a organizarlo en Octubre de 2013 durante la celebraci\u00f3n de nuestro 50 Aniversario, hasta que en el pasado mes de abril con todo decidido, hicimos la reserva de vuelos y hotel, con la importante ayuda de Javier que nos planifico el viaje. Han sido unos d\u00edas inolvidables con un cierre maravilloso, con cena en la Embajada de Espa\u00f1a en Suecia. Ya tenemos iniciados los\u00a0 preparativos para otros viajes en los pr\u00f3ximos dos a\u00f1os.<\/p>\n<p><strong>Cr\u00f3nica de Guillermo Rueda<\/strong><\/p>\n","protected":false},"excerpt":{"rendered":"<p>Entre los d\u00edas 21 y 25 de Junio 2014 unos cuantos compa\u00f1eros\u00a0 de la Promocion de 1963, acompa\u00f1ados de sus esposas y como continuaci\u00f3n a la celebraci\u00f3n del 50\u00ba Aniversario, hicimos un viaje a Estocolmo para visitar a nuestro compa\u00f1ero y Embajador en Suecia, Javier Jimenez-Ugarte. La planificaci\u00f3n y fechas, fue cambiando desde empezamos a [&hellip;]<\/p>\n","protected":false},"author":746,"featured_media":0,"comment_status":"closed","ping_status":"open","sticky":false,"template":"","format":"standard","meta":{"_et_pb_use_builder":"","_et_pb_old_content":"","_et_gb_content_width":"","footnotes":""},"categories":[11],"tags":[],"class_list":["post-217","post","type-post","status-publish","format-standard","hentry","category-c23-aniversarios"],"_links":{"self":[{"href":"https:\/\/antiguosalumnosmaravillas.com\/asociacion\/wp-json\/wp\/v2\/posts\/217","targetHints":{"allow":["GET"]}}],"collection":[{"href":"https:\/\/antiguosalumnosmaravillas.com\/asociacion\/wp-json\/wp\/v2\/posts"}],"about":[{"href":"https:\/\/antiguosalumnosmaravillas.com\/asociacion\/wp-json\/wp\/v2\/types\/post"}],"author":[{"embeddable":true,"href":"https:\/\/antiguosalumnosmaravillas.com\/asociacion\/wp-json\/wp\/v2\/users\/746"}],"replies":[{"embeddable":true,"href":"https:\/\/antiguosalumnosmaravillas.com\/asociacion\/wp-json\/wp\/v2\/comments?post=217"}],"version-history":[{"count":1,"href":"https:\/\/antiguosalumnosmaravillas.com\/asociacion\/wp-json\/wp\/v2\/posts\/217\/revisions"}],"predecessor-version":[{"id":4546,"href":"https:\/\/antiguosalumnosmaravillas.com\/asociacion\/wp-json\/wp\/v2\/posts\/217\/revisions\/4546"}],"wp:attachment":[{"href":"https:\/\/antiguosalumnosmaravillas.com\/asociacion\/wp-json\/wp\/v2\/media?parent=217"}],"wp:term":[{"taxonomy":"category","embeddable":true,"href":"https:\/\/antiguosalumnosmaravillas.com\/asociacion\/wp-json\/wp\/v2\/categories?post=217"},{"taxonomy":"post_tag","embeddable":true,"href":"https:\/\/antiguosalumnosmaravillas.com\/asociacion\/wp-json\/wp\/v2\/tags?post=217"}],"curies":[{"name":"wp","href":"https:\/\/api.w.org\/{rel}","templated":true}]}}