{"id":208,"date":"2014-03-17T07:52:43","date_gmt":"2014-03-17T07:52:43","guid":{"rendered":"http:\/\/antiguosalumnosmaravillas.com\/asociacion\/?p=208"},"modified":"2025-12-10T18:58:22","modified_gmt":"2025-12-10T17:58:22","slug":"don-joaquin","status":"publish","type":"post","link":"https:\/\/antiguosalumnosmaravillas.com\/asociacion\/don-joaquin\/","title":{"rendered":"Homenaje a Don Joaqu\u00edn Pardo. 7 de Marzo 2014"},"content":{"rendered":"<p><span style=\"font-size: 12.0pt; line-height: 115%; font-family: Arial; mso-bidi-font-family: Arial;\" lang=\"ES\"><a href=\"http:\/\/antiguosalumnosmaravillas.com\/aa\/index.php?option=com_imagebrowser&#038;view=gallery&#038;folder=A2014\"><img decoding=\"async\" src=\"images\/stories\/a2014.jpg\" border=\"0\" width=\"400\" style=\"float: right; margin-left: 10px; margin-right: 10px;\" \/><\/a>Usando parte del discurso que dio nuestro Vicepresidente, Rafa Montejo:<\/span><\/p>\n<p class=\"MsoNormal\" style=\"text-align: justify;\"><em style=\"mso-bidi-font-style: normal;\"><span style=\"font-size: 12.0pt; line-height: 115%; font-family: Arial; mso-bidi-font-family: Arial;\" lang=\"ES\">A ninguno se nos olvidar\u00e1n sus \u201cDrills\u201d, sus dictados y su \u201cI caaaaan\u201d o \u201cNo, I can\u00b4t\u201d. Machaconamente repet\u00edamos los textos con los cascos puestos hasta que o\u00edamos su grave voz por ellos diciendo: \u201cMontejo, d\u00e9jalo ya, anda, que ya no lo vas a hacer mejor.<\/span><\/em><em style=\"mso-bidi-font-style: normal;\"><span style=\"font-size: 12.0pt; line-height: 115%; font-family: Arial; mso-bidi-font-family: Arial; mso-ansi-language: ES-TRAD;\" lang=\"ES\"> <\/span><\/em><em style=\"mso-bidi-font-style: normal;\"><span style=\"font-size: 12.0pt; line-height: 115%; font-family: Arial; mso-bidi-font-family: Arial;\" lang=\"ES\">Ya es perder el tiempo\u201d<\/span><\/em><\/p>\n<p class=\"MsoNormal\" style=\"text-align: justify;\"><em style=\"mso-bidi-font-style: normal;\"><span style=\"font-size: 12.0pt; line-height: 115%; font-family: Arial; mso-bidi-font-family: Arial;\" lang=\"ES\">Que despu\u00e9s de tantos a\u00f1os nos sigamos acordando de estos textos s\u00f3lo puede significar una cosa: nos cal\u00f3 muy hondo.<\/span><\/em><\/p>\n<p class=\"MsoNormal\" style=\"text-align: justify;\"><em style=\"mso-bidi-font-style: normal;\"><span style=\"font-size: 12.0pt; line-height: 115%; font-family: Arial; mso-bidi-font-family: Arial;\" lang=\"ES\">Destacar\u00eda de \u00e9l su sentido del humor, inteligente y \u00e1cido, que utilizaba para sacar lo mejor de cada uno de sus alumnos. Su retranca te dejaba d\u00e1ndole vueltas a la cabeza un buen tiempo. Sus comentarios eran duros, pero sab\u00edas que eran justos.<\/span><\/em><\/p>\n<p class=\"MsoNormal\" style=\"text-align: justify;\"><span style=\"font-size: 12.0pt; line-height: 115%; font-family: Arial; mso-bidi-font-family: Arial;\" lang=\"ES\">Esperamos que os gusten <a href=\"http:\/\/antiguosalumnosmaravillas.com\/aa\/index.php?option=com_imagebrowser&#038;view=gallery&#038;folder=A2014\">las fotos<\/a>, sin duda quedar\u00e1 para la historia,<\/span><\/p>\n","protected":false},"excerpt":{"rendered":"<p>Usando parte del discurso que dio nuestro Vicepresidente, Rafa Montejo: A ninguno se nos olvidar\u00e1n sus \u201cDrills\u201d, sus dictados y su \u201cI caaaaan\u201d o \u201cNo, I can\u00b4t\u201d. Machaconamente repet\u00edamos los textos con los cascos puestos hasta que o\u00edamos su grave voz por ellos diciendo: \u201cMontejo, d\u00e9jalo ya, anda, que ya no lo vas a hacer [&hellip;]<\/p>\n","protected":false},"author":746,"featured_media":0,"comment_status":"closed","ping_status":"open","sticky":false,"template":"","format":"standard","meta":{"_et_pb_use_builder":"","_et_pb_old_content":"","_et_gb_content_width":"","footnotes":""},"categories":[7],"tags":[],"class_list":["post-208","post","type-post","status-publish","format-standard","hentry","category-c2-culturales"],"_links":{"self":[{"href":"https:\/\/antiguosalumnosmaravillas.com\/asociacion\/wp-json\/wp\/v2\/posts\/208","targetHints":{"allow":["GET"]}}],"collection":[{"href":"https:\/\/antiguosalumnosmaravillas.com\/asociacion\/wp-json\/wp\/v2\/posts"}],"about":[{"href":"https:\/\/antiguosalumnosmaravillas.com\/asociacion\/wp-json\/wp\/v2\/types\/post"}],"author":[{"embeddable":true,"href":"https:\/\/antiguosalumnosmaravillas.com\/asociacion\/wp-json\/wp\/v2\/users\/746"}],"replies":[{"embeddable":true,"href":"https:\/\/antiguosalumnosmaravillas.com\/asociacion\/wp-json\/wp\/v2\/comments?post=208"}],"version-history":[{"count":1,"href":"https:\/\/antiguosalumnosmaravillas.com\/asociacion\/wp-json\/wp\/v2\/posts\/208\/revisions"}],"predecessor-version":[{"id":4555,"href":"https:\/\/antiguosalumnosmaravillas.com\/asociacion\/wp-json\/wp\/v2\/posts\/208\/revisions\/4555"}],"wp:attachment":[{"href":"https:\/\/antiguosalumnosmaravillas.com\/asociacion\/wp-json\/wp\/v2\/media?parent=208"}],"wp:term":[{"taxonomy":"category","embeddable":true,"href":"https:\/\/antiguosalumnosmaravillas.com\/asociacion\/wp-json\/wp\/v2\/categories?post=208"},{"taxonomy":"post_tag","embeddable":true,"href":"https:\/\/antiguosalumnosmaravillas.com\/asociacion\/wp-json\/wp\/v2\/tags?post=208"}],"curies":[{"name":"wp","href":"https:\/\/api.w.org\/{rel}","templated":true}]}}