{"id":207,"date":"2014-02-25T18:33:26","date_gmt":"2014-02-25T18:33:26","guid":{"rendered":"http:\/\/antiguosalumnosmaravillas.com\/asociacion\/?p=207"},"modified":"2025-12-10T18:58:22","modified_gmt":"2025-12-10T17:58:22","slug":"homenaje-al-profesor-d-joaquin-pardo","status":"publish","type":"post","link":"https:\/\/antiguosalumnosmaravillas.com\/asociacion\/homenaje-al-profesor-d-joaquin-pardo\/","title":{"rendered":"Homenaje Al profesor D. Joaqu\u00edn Pardo"},"content":{"rendered":"<p>Para todos los antiguos alumnos hablar del Colegio nos trae muchos y muy buenos recuerdos, la mayor\u00eda relacionados con nuestros compa\u00f1eros y amigos, y muchos otros\u00a0 con los profesores y maestros.<\/p>\n<p>Con el paso del tiempo las experiencias vividas se convierten en el poso que nos ha formado como personas, y sin duda su labor educadora nos ha moldeado y en el mejor de los casos nos ha ayudado a sacar lo mejor de nosotros mismos.<\/p>\n<p><img decoding=\"async\" src=\"images\/stories\/jpardo.jpg\" border=\"0\" style=\"vertical-align: top; float: left; border: 0px none; margin-left: 20px; margin-right: 20px;\" \/>Por todo ello, queremos invitarte al homenaje a D. Joaqu\u00edn Pardo Francos, en reconocimiento a su labor educativa en el Colegio Maravillas durante tantos a\u00f1os, el pr\u00f3ximo viernes 7 de marzo a las 20\u201930 h. Para celebrarlo como merece la ocasi\u00f3n, a continuaci\u00f3n disfrutaremos de un c\u00f3ctel, todo ello en el Hall de nuestro querido teatro.<\/p>\n<p>De esa manera tendremos la oportunidad de reencontrarnos tambi\u00e9n con el resto de nuestros antiguos profesores, que nos acompa\u00f1ar\u00e1n en lo que ser\u00e1 sin duda la verdadera fiesta de reconocimiento a su trabajo.<\/p>\n<p>Por motivos de organizaci\u00f3n te agradeceremos que nos confirmes tu asistencia al c\u00f3ctel escribiendo a antiguosalumnos@lasallemaravillas.com .<\/p>\n","protected":false},"excerpt":{"rendered":"<p>Para todos los antiguos alumnos hablar del Colegio nos trae muchos y muy buenos recuerdos, la mayor\u00eda relacionados con nuestros compa\u00f1eros y amigos, y muchos otros\u00a0 con los profesores y maestros. Con el paso del tiempo las experiencias vividas se convierten en el poso que nos ha formado como personas, y sin duda su labor [&hellip;]<\/p>\n","protected":false},"author":746,"featured_media":0,"comment_status":"closed","ping_status":"open","sticky":false,"template":"","format":"standard","meta":{"_et_pb_use_builder":"","_et_pb_old_content":"","_et_gb_content_width":"","footnotes":""},"categories":[7],"tags":[],"class_list":["post-207","post","type-post","status-publish","format-standard","hentry","category-c2-culturales"],"_links":{"self":[{"href":"https:\/\/antiguosalumnosmaravillas.com\/asociacion\/wp-json\/wp\/v2\/posts\/207","targetHints":{"allow":["GET"]}}],"collection":[{"href":"https:\/\/antiguosalumnosmaravillas.com\/asociacion\/wp-json\/wp\/v2\/posts"}],"about":[{"href":"https:\/\/antiguosalumnosmaravillas.com\/asociacion\/wp-json\/wp\/v2\/types\/post"}],"author":[{"embeddable":true,"href":"https:\/\/antiguosalumnosmaravillas.com\/asociacion\/wp-json\/wp\/v2\/users\/746"}],"replies":[{"embeddable":true,"href":"https:\/\/antiguosalumnosmaravillas.com\/asociacion\/wp-json\/wp\/v2\/comments?post=207"}],"version-history":[{"count":1,"href":"https:\/\/antiguosalumnosmaravillas.com\/asociacion\/wp-json\/wp\/v2\/posts\/207\/revisions"}],"predecessor-version":[{"id":4556,"href":"https:\/\/antiguosalumnosmaravillas.com\/asociacion\/wp-json\/wp\/v2\/posts\/207\/revisions\/4556"}],"wp:attachment":[{"href":"https:\/\/antiguosalumnosmaravillas.com\/asociacion\/wp-json\/wp\/v2\/media?parent=207"}],"wp:term":[{"taxonomy":"category","embeddable":true,"href":"https:\/\/antiguosalumnosmaravillas.com\/asociacion\/wp-json\/wp\/v2\/categories?post=207"},{"taxonomy":"post_tag","embeddable":true,"href":"https:\/\/antiguosalumnosmaravillas.com\/asociacion\/wp-json\/wp\/v2\/tags?post=207"}],"curies":[{"name":"wp","href":"https:\/\/api.w.org\/{rel}","templated":true}]}}