{"id":205,"date":"2014-02-17T16:05:05","date_gmt":"2014-02-17T16:05:05","guid":{"rendered":"http:\/\/antiguosalumnosmaravillas.com\/asociacion\/?p=205"},"modified":"2025-12-10T18:58:23","modified_gmt":"2025-12-10T17:58:23","slug":"misa-de-familias-3","status":"publish","type":"post","link":"https:\/\/antiguosalumnosmaravillas.com\/asociacion\/misa-de-familias-3\/","title":{"rendered":"Misa de Familias. Febrero 2014"},"content":{"rendered":"<p><a href=\"http:\/\/antiguosalumnosmaravillas.com\/aa\/index.php?option=com_imagebrowser&#038;view=gallery&#038;folder=Misa_Familias_2014\"><img decoding=\"async\" src=\"images\/stories\/mf2014.jpg\" border=\"0\" height=\"400\" style=\"float: right;\" \/><\/a>Dos palabras definen el encuentro del domingo en la misa de las familias: <strong>Uni\u00f3n y cari\u00f1o<\/strong>.<\/p>\n<p>El pasado, presente y futuro de la Asociaci\u00f3n de antiguos alumnos llen\u00f3 las paredes de nuestra iglesia de alegr\u00eda por estar todos bajo el manto virginal de Nuestra Se\u00f1ora de las Maravillas, bendiciendo como siempre a maestros y escolares, sea cual sea la promoci\u00f3n de la que seamos.<\/p>\n<p>Podeis ver las fotos de la ceremonia pinchando en la foto<\/p>\n","protected":false},"excerpt":{"rendered":"<p>Dos palabras definen el encuentro del domingo en la misa de las familias: Uni\u00f3n y cari\u00f1o. El pasado, presente y futuro de la Asociaci\u00f3n de antiguos alumnos llen\u00f3 las paredes de nuestra iglesia de alegr\u00eda por estar todos bajo el manto virginal de Nuestra Se\u00f1ora de las Maravillas, bendiciendo como siempre a maestros y escolares, [&hellip;]<\/p>\n","protected":false},"author":746,"featured_media":0,"comment_status":"closed","ping_status":"open","sticky":false,"template":"","format":"standard","meta":{"_et_pb_use_builder":"","_et_pb_old_content":"","_et_gb_content_width":"","footnotes":""},"categories":[7],"tags":[],"class_list":["post-205","post","type-post","status-publish","format-standard","hentry","category-c2-culturales"],"_links":{"self":[{"href":"https:\/\/antiguosalumnosmaravillas.com\/asociacion\/wp-json\/wp\/v2\/posts\/205","targetHints":{"allow":["GET"]}}],"collection":[{"href":"https:\/\/antiguosalumnosmaravillas.com\/asociacion\/wp-json\/wp\/v2\/posts"}],"about":[{"href":"https:\/\/antiguosalumnosmaravillas.com\/asociacion\/wp-json\/wp\/v2\/types\/post"}],"author":[{"embeddable":true,"href":"https:\/\/antiguosalumnosmaravillas.com\/asociacion\/wp-json\/wp\/v2\/users\/746"}],"replies":[{"embeddable":true,"href":"https:\/\/antiguosalumnosmaravillas.com\/asociacion\/wp-json\/wp\/v2\/comments?post=205"}],"version-history":[{"count":1,"href":"https:\/\/antiguosalumnosmaravillas.com\/asociacion\/wp-json\/wp\/v2\/posts\/205\/revisions"}],"predecessor-version":[{"id":4558,"href":"https:\/\/antiguosalumnosmaravillas.com\/asociacion\/wp-json\/wp\/v2\/posts\/205\/revisions\/4558"}],"wp:attachment":[{"href":"https:\/\/antiguosalumnosmaravillas.com\/asociacion\/wp-json\/wp\/v2\/media?parent=205"}],"wp:term":[{"taxonomy":"category","embeddable":true,"href":"https:\/\/antiguosalumnosmaravillas.com\/asociacion\/wp-json\/wp\/v2\/categories?post=205"},{"taxonomy":"post_tag","embeddable":true,"href":"https:\/\/antiguosalumnosmaravillas.com\/asociacion\/wp-json\/wp\/v2\/tags?post=205"}],"curies":[{"name":"wp","href":"https:\/\/api.w.org\/{rel}","templated":true}]}}