{"id":204,"date":"2014-02-13T18:49:52","date_gmt":"2014-02-13T18:49:52","guid":{"rendered":"http:\/\/antiguosalumnosmaravillas.com\/asociacion\/?p=204"},"modified":"2025-12-10T18:58:23","modified_gmt":"2025-12-10T17:58:23","slug":"ilusionismo-y-concierto-benefico","status":"publish","type":"post","link":"https:\/\/antiguosalumnosmaravillas.com\/asociacion\/ilusionismo-y-concierto-benefico\/","title":{"rendered":"Ilusionismo y Concierto Ben\u00e9fico"},"content":{"rendered":"<p>Este s\u00e1bado, en el Teatro del Colegio, a las 18 horas, tendr\u00e1 lugar el Espect\u00e1culo de Ilusionismo y el Concierto Coral ben\u00e9fico, a beneficio de FUNDAME (Fundaci\u00f3n Atrofia Muscular Espinal).<br \/> El concierto coral corre a cargo de la <strong>coral de ni\u00f1os y de antiguos alumnos del Colegio<\/strong>, con un variado y animado repertorio.<br \/> Las entradas cuestan s\u00f3lo 5 euros y se adquieren, exclusivamente, en la siguiente direcci\u00f3n:<br \/> http:\/\/fundame.net\/index.php\/colabora-con-nosotro\/compra-de-entradas<br \/> La Fundaci\u00f3n Barclays colabora en el Espect\u00e1culo y con financiaci\u00f3n, y el Colegio cede el Teatro para la celebraci\u00f3n del mismo. S\u00f3lo falt\u00e1is vosotros. \u00a1Os esperamos!<\/p>\n","protected":false},"excerpt":{"rendered":"<p>Este s\u00e1bado, en el Teatro del Colegio, a las 18 horas, tendr\u00e1 lugar el Espect\u00e1culo de Ilusionismo y el Concierto Coral ben\u00e9fico, a beneficio de FUNDAME (Fundaci\u00f3n Atrofia Muscular Espinal). El concierto coral corre a cargo de la coral de ni\u00f1os y de antiguos alumnos del Colegio, con un variado y animado repertorio. Las entradas [&hellip;]<\/p>\n","protected":false},"author":746,"featured_media":0,"comment_status":"closed","ping_status":"open","sticky":false,"template":"","format":"standard","meta":{"_et_pb_use_builder":"","_et_pb_old_content":"","_et_gb_content_width":"","footnotes":""},"categories":[7],"tags":[],"class_list":["post-204","post","type-post","status-publish","format-standard","hentry","category-c2-culturales"],"_links":{"self":[{"href":"https:\/\/antiguosalumnosmaravillas.com\/asociacion\/wp-json\/wp\/v2\/posts\/204","targetHints":{"allow":["GET"]}}],"collection":[{"href":"https:\/\/antiguosalumnosmaravillas.com\/asociacion\/wp-json\/wp\/v2\/posts"}],"about":[{"href":"https:\/\/antiguosalumnosmaravillas.com\/asociacion\/wp-json\/wp\/v2\/types\/post"}],"author":[{"embeddable":true,"href":"https:\/\/antiguosalumnosmaravillas.com\/asociacion\/wp-json\/wp\/v2\/users\/746"}],"replies":[{"embeddable":true,"href":"https:\/\/antiguosalumnosmaravillas.com\/asociacion\/wp-json\/wp\/v2\/comments?post=204"}],"version-history":[{"count":1,"href":"https:\/\/antiguosalumnosmaravillas.com\/asociacion\/wp-json\/wp\/v2\/posts\/204\/revisions"}],"predecessor-version":[{"id":4559,"href":"https:\/\/antiguosalumnosmaravillas.com\/asociacion\/wp-json\/wp\/v2\/posts\/204\/revisions\/4559"}],"wp:attachment":[{"href":"https:\/\/antiguosalumnosmaravillas.com\/asociacion\/wp-json\/wp\/v2\/media?parent=204"}],"wp:term":[{"taxonomy":"category","embeddable":true,"href":"https:\/\/antiguosalumnosmaravillas.com\/asociacion\/wp-json\/wp\/v2\/categories?post=204"},{"taxonomy":"post_tag","embeddable":true,"href":"https:\/\/antiguosalumnosmaravillas.com\/asociacion\/wp-json\/wp\/v2\/tags?post=204"}],"curies":[{"name":"wp","href":"https:\/\/api.w.org\/{rel}","templated":true}]}}