{"id":200,"date":"2014-01-19T22:27:27","date_gmt":"2014-01-19T22:27:27","guid":{"rendered":"http:\/\/antiguosalumnosmaravillas.com\/asociacion\/?p=200"},"modified":"2025-12-10T18:58:24","modified_gmt":"2025-12-10T17:58:24","slug":"jornada-de-puertas-abiertas-y-misa-de-familias","status":"publish","type":"post","link":"https:\/\/antiguosalumnosmaravillas.com\/asociacion\/jornada-de-puertas-abiertas-y-misa-de-familias\/","title":{"rendered":"Jornada de Puertas Abiertas y Misa de Familias"},"content":{"rendered":"<p>Tanto el colegio como nuestra Asociaci\u00f3n est\u00e1n guiados por un esp\u00edritu innovador.<\/p>\n<p>Por ello\u00a0 queremos invitaros en primicia a la <strong><span style=\"text-decoration: underline;\">Jornada de Puertas Abiertas que celebraremos el pr\u00f3ximo domingo 9 de Febrero<\/span><\/strong> a partir de las <strong><span style=\"text-decoration: underline;\">10 de la ma\u00f1ana<\/span>.<\/strong><\/p>\n<p>Tanto si tienes hijos en edad escolar, como si son todav\u00eda peque\u00f1os o simplemente te gustar\u00eda ver aquellas instalaciones en las que te formaste como una persona competente, te esperamos con los brazos abiertos.<\/p>\n<p>Empezaremos con un caluroso recibimiento en el teatro y a partir de ah\u00ed iremos haciendo el recorrido.<\/p>\n<p>Visitaremos nuestras instalaciones y conocer\u00e9is nuestros programas e innovaciones tecnol\u00f3gicas (con profesores y alumnos de 1\u00baBachillerato como gu\u00edas):<\/p>\n<ul>\n<li>\u00c1gora<\/li>\n<li>Polideportivo<\/li>\n<li>Aulas de primaria, secundaria y bachillerato<\/li>\n<li>Biblioteca<\/li>\n<\/ul>\n<p>Para los que veng\u00e1is con vuestros hijos hay servicio de guarder\u00eda en la ludoteca del colegio a cargo de la Escuela de Ocio y Tiempo Libre Maravillas.<\/p>\n<p>Confirma tu asistencia a la jornada y si har\u00e1s uso del servicio de guarder\u00eda mandando un mail a <a href=\"mailto:antiguosalumnos@lasallemaravillas.com\">antiguosalumnos@lasallemaravillas.com<\/a><\/p>\n<p><strong>A las 12\u201915 celebraremos nuestra tradicional misa de las familias organizada por la Asociaci\u00f3n de Antiguos Alumnos \u00a0y culminaremos la jornada con un aperitivo en el comedor.<\/strong><\/p>\n<p>Para m\u00e1s informaci\u00f3n pincha en este enlace:<a href=\"http:\/\/www.lasallemaravillas.com\/index.php\/noticias\/192-jornadas-de-puertas-abiertas\" target=\"_blank\">jornada de puertas abiertas<\/a><\/p>\n","protected":false},"excerpt":{"rendered":"<p>Tanto el colegio como nuestra Asociaci\u00f3n est\u00e1n guiados por un esp\u00edritu innovador. Por ello\u00a0 queremos invitaros en primicia a la Jornada de Puertas Abiertas que celebraremos el pr\u00f3ximo domingo 9 de Febrero a partir de las 10 de la ma\u00f1ana. Tanto si tienes hijos en edad escolar, como si son todav\u00eda peque\u00f1os o simplemente te [&hellip;]<\/p>\n","protected":false},"author":746,"featured_media":0,"comment_status":"closed","ping_status":"open","sticky":false,"template":"","format":"standard","meta":{"_et_pb_use_builder":"","_et_pb_old_content":"","_et_gb_content_width":"","footnotes":""},"categories":[7],"tags":[],"class_list":["post-200","post","type-post","status-publish","format-standard","hentry","category-c2-culturales"],"_links":{"self":[{"href":"https:\/\/antiguosalumnosmaravillas.com\/asociacion\/wp-json\/wp\/v2\/posts\/200","targetHints":{"allow":["GET"]}}],"collection":[{"href":"https:\/\/antiguosalumnosmaravillas.com\/asociacion\/wp-json\/wp\/v2\/posts"}],"about":[{"href":"https:\/\/antiguosalumnosmaravillas.com\/asociacion\/wp-json\/wp\/v2\/types\/post"}],"author":[{"embeddable":true,"href":"https:\/\/antiguosalumnosmaravillas.com\/asociacion\/wp-json\/wp\/v2\/users\/746"}],"replies":[{"embeddable":true,"href":"https:\/\/antiguosalumnosmaravillas.com\/asociacion\/wp-json\/wp\/v2\/comments?post=200"}],"version-history":[{"count":1,"href":"https:\/\/antiguosalumnosmaravillas.com\/asociacion\/wp-json\/wp\/v2\/posts\/200\/revisions"}],"predecessor-version":[{"id":4563,"href":"https:\/\/antiguosalumnosmaravillas.com\/asociacion\/wp-json\/wp\/v2\/posts\/200\/revisions\/4563"}],"wp:attachment":[{"href":"https:\/\/antiguosalumnosmaravillas.com\/asociacion\/wp-json\/wp\/v2\/media?parent=200"}],"wp:term":[{"taxonomy":"category","embeddable":true,"href":"https:\/\/antiguosalumnosmaravillas.com\/asociacion\/wp-json\/wp\/v2\/categories?post=200"},{"taxonomy":"post_tag","embeddable":true,"href":"https:\/\/antiguosalumnosmaravillas.com\/asociacion\/wp-json\/wp\/v2\/tags?post=200"}],"curies":[{"name":"wp","href":"https:\/\/api.w.org\/{rel}","templated":true}]}}