{"id":196,"date":"2013-11-19T12:31:28","date_gmt":"2013-11-19T12:31:28","guid":{"rendered":"http:\/\/antiguosalumnosmaravillas.com\/asociacion\/?p=196"},"modified":"2025-12-10T18:58:26","modified_gmt":"2025-12-10T17:58:26","slug":"coro-maravillas","status":"publish","type":"post","link":"https:\/\/antiguosalumnosmaravillas.com\/asociacion\/coro-maravillas\/","title":{"rendered":"Coro Maravillas"},"content":{"rendered":"<p>Os informamos de que, con motivo de la conmemoraci\u00f3n del 100 aniversario del nacimiento de Britten, la Coral de Antiguos alumnos interpretar\u00e1 obras suyas, junto a un variado repertorio, este viernes 22 de Noviembre, a las 20 horas, en la Iglesia de San Ant\u00f3n (c\/ Hortaleza 63).<\/p>\n<p style=\"text-align: center;\"><img decoding=\"async\" src=\"images\/stories\/coro2.png\" border=\"0\" \/><\/p>\n","protected":false},"excerpt":{"rendered":"<p>Os informamos de que, con motivo de la conmemoraci\u00f3n del 100 aniversario del nacimiento de Britten, la Coral de Antiguos alumnos interpretar\u00e1 obras suyas, junto a un variado repertorio, este viernes 22 de Noviembre, a las 20 horas, en la Iglesia de San Ant\u00f3n (c\/ Hortaleza 63).<\/p>\n","protected":false},"author":746,"featured_media":0,"comment_status":"closed","ping_status":"open","sticky":false,"template":"","format":"standard","meta":{"_et_pb_use_builder":"","_et_pb_old_content":"","_et_gb_content_width":"","footnotes":""},"categories":[7],"tags":[],"class_list":["post-196","post","type-post","status-publish","format-standard","hentry","category-c2-culturales"],"_links":{"self":[{"href":"https:\/\/antiguosalumnosmaravillas.com\/asociacion\/wp-json\/wp\/v2\/posts\/196","targetHints":{"allow":["GET"]}}],"collection":[{"href":"https:\/\/antiguosalumnosmaravillas.com\/asociacion\/wp-json\/wp\/v2\/posts"}],"about":[{"href":"https:\/\/antiguosalumnosmaravillas.com\/asociacion\/wp-json\/wp\/v2\/types\/post"}],"author":[{"embeddable":true,"href":"https:\/\/antiguosalumnosmaravillas.com\/asociacion\/wp-json\/wp\/v2\/users\/746"}],"replies":[{"embeddable":true,"href":"https:\/\/antiguosalumnosmaravillas.com\/asociacion\/wp-json\/wp\/v2\/comments?post=196"}],"version-history":[{"count":1,"href":"https:\/\/antiguosalumnosmaravillas.com\/asociacion\/wp-json\/wp\/v2\/posts\/196\/revisions"}],"predecessor-version":[{"id":4567,"href":"https:\/\/antiguosalumnosmaravillas.com\/asociacion\/wp-json\/wp\/v2\/posts\/196\/revisions\/4567"}],"wp:attachment":[{"href":"https:\/\/antiguosalumnosmaravillas.com\/asociacion\/wp-json\/wp\/v2\/media?parent=196"}],"wp:term":[{"taxonomy":"category","embeddable":true,"href":"https:\/\/antiguosalumnosmaravillas.com\/asociacion\/wp-json\/wp\/v2\/categories?post=196"},{"taxonomy":"post_tag","embeddable":true,"href":"https:\/\/antiguosalumnosmaravillas.com\/asociacion\/wp-json\/wp\/v2\/tags?post=196"}],"curies":[{"name":"wp","href":"https:\/\/api.w.org\/{rel}","templated":true}]}}