{"id":193,"date":"2013-11-03T20:13:36","date_gmt":"2013-11-03T20:13:36","guid":{"rendered":"http:\/\/antiguosalumnosmaravillas.com\/asociacion\/?p=193"},"modified":"2025-12-10T18:58:27","modified_gmt":"2025-12-10T17:58:27","slug":"coro-de-antiguos-alumnos-maravillas","status":"publish","type":"post","link":"https:\/\/antiguosalumnosmaravillas.com\/asociacion\/coro-de-antiguos-alumnos-maravillas\/","title":{"rendered":"Coro Antiguos Alumnos Maravillas"},"content":{"rendered":"<p><span style=\"font-size: small;\">Integrado en la Escuela de M\u00fasica del colegio Nuestra Se\u00f1ora de las Maravillas, el <strong>Coro de Antiguos Alumnos Maravillas <\/strong>est\u00e1 formado por cerca de 40 alumnos, antiguos alumnos, padres y profesores del colegio, que se re\u00fanen semanalmente para disfrutar del canto coral, unidos por la amistad y el amor a a la m\u00fasica, valores fundamental del grupo.<a href=\"http:\/\/antiguosalumnosmaravillas.com\/aa\/index.php?option=com_imagebrowser&#038;view=gallery&#038;folder=CORO\"><img decoding=\"async\" src=\"images\/stories\/coro.png\" border=\"0\" style=\"float: left;\" \/><\/a><\/span><\/p>\n<p><span style=\"font-size: small;\">Este conjunto coral es fundado en 1991 por la profesora Mar\u00eda Cristina Collar, e incluye a alumnos de bachillerato, ex-alumnos, padres y profesores. Ha actuado en numerosos escenarios de Espa\u00f1a y el extranjero: Auditorio Nacional de Madrid, San Vicente de la Barquera, Medinaceli, monasterio de Ucl\u00e9s. Ha viajado a Argentina, Eslovenia, Austria, e Italia. Entre los cert\u00e1menes en que ha participado se encuentran: II Concurso Internacional de coros- Giesen, Alemania (1997, diploma de plata),\u00a0 primer premio en el IX Certamen de masas corales de Gri\u00f1\u00f3n (1998), Certamen de San \u00a0Vicente de la Barquera (2002), medalla de oro en el de Rodas (Grecia) (2003), 1er premio en el I\u00ba Certamen Coral de Guadalajara (2004). Participa habitualmente en ciclos corales del Ayuntamiento de Madrid, y realiza conciertos ben\u00e9ficos, como los dados en el Auditorio Nacional en los a\u00f1os 2011 y 2012 a beneficio de Edificando y Proyde. Colabora habitualmente en proyectos con la banda y orquesta de la Fundaci\u00f3n Orquesta Sinf\u00f3nica Chamart\u00edn.<\/span><\/p>\n<p class=\"MsoNormal\" style=\"text-align: justify;\"><span lang=\"ES\"><span style=\"font-size: small;\">En la actualidad el director del coro es Javier Ibarz Gabard\u00f3s. El horario de ensayo son los viernes, de 18 a 21h.<\/span><\/span><\/p>\n","protected":false},"excerpt":{"rendered":"<p>Integrado en la Escuela de M\u00fasica del colegio Nuestra Se\u00f1ora de las Maravillas, el Coro de Antiguos Alumnos Maravillas est\u00e1 formado por cerca de 40 alumnos, antiguos alumnos, padres y profesores del colegio, que se re\u00fanen semanalmente para disfrutar del canto coral, unidos por la amistad y el amor a a la m\u00fasica, valores fundamental [&hellip;]<\/p>\n","protected":false},"author":746,"featured_media":0,"comment_status":"closed","ping_status":"open","sticky":false,"template":"","format":"standard","meta":{"_et_pb_use_builder":"","_et_pb_old_content":"","_et_gb_content_width":"","footnotes":""},"categories":[7],"tags":[],"class_list":["post-193","post","type-post","status-publish","format-standard","hentry","category-c2-culturales"],"_links":{"self":[{"href":"https:\/\/antiguosalumnosmaravillas.com\/asociacion\/wp-json\/wp\/v2\/posts\/193","targetHints":{"allow":["GET"]}}],"collection":[{"href":"https:\/\/antiguosalumnosmaravillas.com\/asociacion\/wp-json\/wp\/v2\/posts"}],"about":[{"href":"https:\/\/antiguosalumnosmaravillas.com\/asociacion\/wp-json\/wp\/v2\/types\/post"}],"author":[{"embeddable":true,"href":"https:\/\/antiguosalumnosmaravillas.com\/asociacion\/wp-json\/wp\/v2\/users\/746"}],"replies":[{"embeddable":true,"href":"https:\/\/antiguosalumnosmaravillas.com\/asociacion\/wp-json\/wp\/v2\/comments?post=193"}],"version-history":[{"count":1,"href":"https:\/\/antiguosalumnosmaravillas.com\/asociacion\/wp-json\/wp\/v2\/posts\/193\/revisions"}],"predecessor-version":[{"id":4570,"href":"https:\/\/antiguosalumnosmaravillas.com\/asociacion\/wp-json\/wp\/v2\/posts\/193\/revisions\/4570"}],"wp:attachment":[{"href":"https:\/\/antiguosalumnosmaravillas.com\/asociacion\/wp-json\/wp\/v2\/media?parent=193"}],"wp:term":[{"taxonomy":"category","embeddable":true,"href":"https:\/\/antiguosalumnosmaravillas.com\/asociacion\/wp-json\/wp\/v2\/categories?post=193"},{"taxonomy":"post_tag","embeddable":true,"href":"https:\/\/antiguosalumnosmaravillas.com\/asociacion\/wp-json\/wp\/v2\/tags?post=193"}],"curies":[{"name":"wp","href":"https:\/\/api.w.org\/{rel}","templated":true}]}}