{"id":190,"date":"2013-10-21T10:25:47","date_gmt":"2013-10-21T10:25:47","guid":{"rendered":"http:\/\/antiguosalumnosmaravillas.com\/asociacion\/?p=190"},"modified":"2025-12-10T18:58:28","modified_gmt":"2025-12-10T17:58:28","slug":"50-aniversario-promocion-62-63","status":"publish","type":"post","link":"https:\/\/antiguosalumnosmaravillas.com\/asociacion\/50-aniversario-promocion-62-63\/","title":{"rendered":"50 Aniversario Promoci\u00f3n 62-63"},"content":{"rendered":"<p>El pasado s\u00e1bado 5 de octubre, se celebr\u00f3 en nuestro Colegio el 50 Aniversario desde que salieron del colegio de la Promoci\u00f3n 62\/63. Fue sin duda un Aniversario para el recuerdo, con visita guiada por el colegio de la mano de los Hermanos Gerardo y Tarsicio, misa en la capilla de la mano de varios compa\u00f1eros de promoci\u00f3n, proyecci\u00f3n de un v\u00eddeo con las fotos de la \u00e9poca, la colocaci\u00f3n de insignias a todos los asistentes de la mano de nuestro Presidente Juan Carlos Mora, y comida en Jai-Alai. Todo ello con la colaboraci\u00f3n de nuestro compa\u00f1ero Paco Parrilla que estuvo ayudando a que saliera todo perfecto.<\/p>\n<p><span style=\"line-height: 1.3em;\">Fue un \u00e9xito de asistencia, con m\u00e1s de 80 antiguos alumnos, y un \u00e9xito de organizaci\u00f3n, desde aqu\u00ed aprovechamos para dar la enhorabuena a esta promoci\u00f3n por su iniciativa y su buen hacer, seguro que sirve de inspiraci\u00f3n a otras promociones<\/span><\/p>\n<p style=\"text-align: center;\"><a href=\"http:\/\/antiguosalumnosmaravillas.com\/aa\/index.php?option=com_imagebrowser&#038;view=gallery&#038;folder=Prom_63_50aniv\"><img decoding=\"async\" src=\"images\/stories\/dsc_0847.jpg\" border=\"0\" width=\"360\" \/><\/a><\/p>\n","protected":false},"excerpt":{"rendered":"<p>El pasado s\u00e1bado 5 de octubre, se celebr\u00f3 en nuestro Colegio el 50 Aniversario desde que salieron del colegio de la Promoci\u00f3n 62\/63. Fue sin duda un Aniversario para el recuerdo, con visita guiada por el colegio de la mano de los Hermanos Gerardo y Tarsicio, misa en la capilla de la mano de varios [&hellip;]<\/p>\n","protected":false},"author":746,"featured_media":0,"comment_status":"closed","ping_status":"open","sticky":false,"template":"","format":"standard","meta":{"_et_pb_use_builder":"","_et_pb_old_content":"","_et_gb_content_width":"","footnotes":""},"categories":[11],"tags":[],"class_list":["post-190","post","type-post","status-publish","format-standard","hentry","category-c23-aniversarios"],"_links":{"self":[{"href":"https:\/\/antiguosalumnosmaravillas.com\/asociacion\/wp-json\/wp\/v2\/posts\/190","targetHints":{"allow":["GET"]}}],"collection":[{"href":"https:\/\/antiguosalumnosmaravillas.com\/asociacion\/wp-json\/wp\/v2\/posts"}],"about":[{"href":"https:\/\/antiguosalumnosmaravillas.com\/asociacion\/wp-json\/wp\/v2\/types\/post"}],"author":[{"embeddable":true,"href":"https:\/\/antiguosalumnosmaravillas.com\/asociacion\/wp-json\/wp\/v2\/users\/746"}],"replies":[{"embeddable":true,"href":"https:\/\/antiguosalumnosmaravillas.com\/asociacion\/wp-json\/wp\/v2\/comments?post=190"}],"version-history":[{"count":1,"href":"https:\/\/antiguosalumnosmaravillas.com\/asociacion\/wp-json\/wp\/v2\/posts\/190\/revisions"}],"predecessor-version":[{"id":4573,"href":"https:\/\/antiguosalumnosmaravillas.com\/asociacion\/wp-json\/wp\/v2\/posts\/190\/revisions\/4573"}],"wp:attachment":[{"href":"https:\/\/antiguosalumnosmaravillas.com\/asociacion\/wp-json\/wp\/v2\/media?parent=190"}],"wp:term":[{"taxonomy":"category","embeddable":true,"href":"https:\/\/antiguosalumnosmaravillas.com\/asociacion\/wp-json\/wp\/v2\/categories?post=190"},{"taxonomy":"post_tag","embeddable":true,"href":"https:\/\/antiguosalumnosmaravillas.com\/asociacion\/wp-json\/wp\/v2\/tags?post=190"}],"curies":[{"name":"wp","href":"https:\/\/api.w.org\/{rel}","templated":true}]}}