{"id":189,"date":"2013-10-10T11:07:48","date_gmt":"2013-10-10T11:07:48","guid":{"rendered":"http:\/\/antiguosalumnosmaravillas.com\/asociacion\/?p=189"},"modified":"2025-12-10T18:58:28","modified_gmt":"2025-12-10T17:58:28","slug":"conferencia-javier-jimenez-ugarte","status":"publish","type":"post","link":"https:\/\/antiguosalumnosmaravillas.com\/asociacion\/conferencia-javier-jimenez-ugarte\/","title":{"rendered":"Conferencia Javier Jimenez Ugarte"},"content":{"rendered":"<p>El pasado viernes, 4 de Octubre de 2013, tuvimos la suerte de disfrutar de la Conferencia de nuestro compa\u00f1ero Javier Jim\u00e9nez-Ugarte, embajador de Espa\u00f1a en Suecia, donde hizo un repaso por la historia de Espa\u00f1a a trav\u00e9s de su vida como diplom\u00e1tico, con an\u00e9cdotas para el recuerdo y con el cari\u00f1o que aporta ser un antiguo alumno.<\/p>\n<p>Con el Anfiteatro del Colegio completo, fueron muchos los compa\u00f1eros y amigos del colegio que se acercaron a disfrutar de esta actividad, que como dijo nuestro presidente en sus palabras de bienvenida \u00abnos sirve para cumplir con los objetivos de la Asociaci\u00f3n, que son mantener el v\u00ednculo entre los antiguos alumnos, y entre ellos y el colegio, devolvi\u00e9ndole, adem\u00e1s, parte de lo que nos dio en nuestra etapa como estudiantes\u00bb.<\/p>\n<p>Podeis hacer click en la fotograf\u00eda\u00a0 para acceder a la galer\u00eda de fotos del eve<span style=\"line-height: 1.3em;\">nto.<\/span><\/p>\n<p><a href=\"http:\/\/antiguosalumnosmaravillas.com\/aa\/index.php?option=com_imagebrowser&#038;view=gallery&#038;folder=JJUGARTE\" style=\"color: #0000cc; text-decoration: underline; text-align: right;\"><img decoding=\"async\" src=\"images\/stories\/img_8893.jpg\" border=\"0\" width=\"200\" style=\"margin-left: 0px; margin-right: 0px; float: right;\" \/><\/a><\/p>\n","protected":false},"excerpt":{"rendered":"<p>El pasado viernes, 4 de Octubre de 2013, tuvimos la suerte de disfrutar de la Conferencia de nuestro compa\u00f1ero Javier Jim\u00e9nez-Ugarte, embajador de Espa\u00f1a en Suecia, donde hizo un repaso por la historia de Espa\u00f1a a trav\u00e9s de su vida como diplom\u00e1tico, con an\u00e9cdotas para el recuerdo y con el cari\u00f1o que aporta ser un [&hellip;]<\/p>\n","protected":false},"author":746,"featured_media":0,"comment_status":"closed","ping_status":"open","sticky":false,"template":"","format":"standard","meta":{"_et_pb_use_builder":"","_et_pb_old_content":"","_et_gb_content_width":"","footnotes":""},"categories":[7],"tags":[],"class_list":["post-189","post","type-post","status-publish","format-standard","hentry","category-c2-culturales"],"_links":{"self":[{"href":"https:\/\/antiguosalumnosmaravillas.com\/asociacion\/wp-json\/wp\/v2\/posts\/189","targetHints":{"allow":["GET"]}}],"collection":[{"href":"https:\/\/antiguosalumnosmaravillas.com\/asociacion\/wp-json\/wp\/v2\/posts"}],"about":[{"href":"https:\/\/antiguosalumnosmaravillas.com\/asociacion\/wp-json\/wp\/v2\/types\/post"}],"author":[{"embeddable":true,"href":"https:\/\/antiguosalumnosmaravillas.com\/asociacion\/wp-json\/wp\/v2\/users\/746"}],"replies":[{"embeddable":true,"href":"https:\/\/antiguosalumnosmaravillas.com\/asociacion\/wp-json\/wp\/v2\/comments?post=189"}],"version-history":[{"count":1,"href":"https:\/\/antiguosalumnosmaravillas.com\/asociacion\/wp-json\/wp\/v2\/posts\/189\/revisions"}],"predecessor-version":[{"id":4574,"href":"https:\/\/antiguosalumnosmaravillas.com\/asociacion\/wp-json\/wp\/v2\/posts\/189\/revisions\/4574"}],"wp:attachment":[{"href":"https:\/\/antiguosalumnosmaravillas.com\/asociacion\/wp-json\/wp\/v2\/media?parent=189"}],"wp:term":[{"taxonomy":"category","embeddable":true,"href":"https:\/\/antiguosalumnosmaravillas.com\/asociacion\/wp-json\/wp\/v2\/categories?post=189"},{"taxonomy":"post_tag","embeddable":true,"href":"https:\/\/antiguosalumnosmaravillas.com\/asociacion\/wp-json\/wp\/v2\/tags?post=189"}],"curies":[{"name":"wp","href":"https:\/\/api.w.org\/{rel}","templated":true}]}}