{"id":176,"date":"2013-05-22T12:12:55","date_gmt":"2013-05-22T12:12:55","guid":{"rendered":"http:\/\/antiguosalumnosmaravillas.com\/asociacion\/?p=176"},"modified":"2025-12-10T18:58:32","modified_gmt":"2025-12-10T17:58:32","slug":"cronica-de-la-conferencia-de-luis-enriquez","status":"publish","type":"post","link":"https:\/\/antiguosalumnosmaravillas.com\/asociacion\/cronica-de-la-conferencia-de-luis-enriquez\/","title":{"rendered":"Cr\u00f3nica de la Conferencia de Luis Enr\u00edquez"},"content":{"rendered":"<p>El pasado 20 de mayo tuvimos la suerte de compartir con Lu\u00eds Enr\u00edquez, Consejero Delegado de VOCENTO y antiguo alumno de la promoci\u00f3n 88\/89, en el Auditorio de nuestro Colegio, la Conferencia \u201cPresente y Futuro de los peri\u00f3dicos en Espa\u00f1a\u201d.<\/p>\n<p>Nos hizo un repaso por la historia de todos los medios de comunicaci\u00f3n de nuestro pa\u00eds, para terminar dando su punto de vista sobre el futuro de la comunicaci\u00f3n escrita, teniendo en cuenta la aparici\u00f3n de nuevos dispositivos, y una manera diferente de entender la informaci\u00f3n.<\/p>\n<p>Nos quedamos con su frase <strong>\u201cPerseverar en la comunicaci\u00f3n de calidad\u201d,<\/strong> valor, la perseverancia, que est\u00e1 en la cultura del colegio Maravillas y que define a los antiguos alumnos.<\/p>\n<p>Desde esta web, aprovechamos estas l\u00edneas para agradecer a Lu\u00eds Enr\u00edquez su colaboraci\u00f3n desinteresada, y os animamos a ver las fotograf\u00edas de esa conferencia pinchando en la fotograf\u00eda. Tambi\u00e9n pod\u00e9is ver un reportaje de la misma en <a href=\"http:\/\/www.youtube.com\/watch?v=Kz0WKSXfauQ\">este enlace.<\/a><\/p>\n<p style=\"text-align: center;\"><a href=\"http:\/\/antiguosalumnosmaravillas.com\/aa\/index.php?option=com_imagebrowser&amp;view=gallery&amp;folder=LEnriquez\"><img decoding=\"async\" src=\"images\/stories\/lenriquez.jpg\" border=\"0\" width=\"400\" style=\"border: 0px none;\" \/><\/a><\/p>\n","protected":false},"excerpt":{"rendered":"<p>El pasado 20 de mayo tuvimos la suerte de compartir con Lu\u00eds Enr\u00edquez, Consejero Delegado de VOCENTO y antiguo alumno de la promoci\u00f3n 88\/89, en el Auditorio de nuestro Colegio, la Conferencia \u201cPresente y Futuro de los peri\u00f3dicos en Espa\u00f1a\u201d. Nos hizo un repaso por la historia de todos los medios de comunicaci\u00f3n de nuestro [&hellip;]<\/p>\n","protected":false},"author":746,"featured_media":0,"comment_status":"closed","ping_status":"open","sticky":false,"template":"","format":"standard","meta":{"_et_pb_use_builder":"","_et_pb_old_content":"","_et_gb_content_width":"","footnotes":""},"categories":[7],"tags":[],"class_list":["post-176","post","type-post","status-publish","format-standard","hentry","category-c2-culturales"],"_links":{"self":[{"href":"https:\/\/antiguosalumnosmaravillas.com\/asociacion\/wp-json\/wp\/v2\/posts\/176","targetHints":{"allow":["GET"]}}],"collection":[{"href":"https:\/\/antiguosalumnosmaravillas.com\/asociacion\/wp-json\/wp\/v2\/posts"}],"about":[{"href":"https:\/\/antiguosalumnosmaravillas.com\/asociacion\/wp-json\/wp\/v2\/types\/post"}],"author":[{"embeddable":true,"href":"https:\/\/antiguosalumnosmaravillas.com\/asociacion\/wp-json\/wp\/v2\/users\/746"}],"replies":[{"embeddable":true,"href":"https:\/\/antiguosalumnosmaravillas.com\/asociacion\/wp-json\/wp\/v2\/comments?post=176"}],"version-history":[{"count":1,"href":"https:\/\/antiguosalumnosmaravillas.com\/asociacion\/wp-json\/wp\/v2\/posts\/176\/revisions"}],"predecessor-version":[{"id":4587,"href":"https:\/\/antiguosalumnosmaravillas.com\/asociacion\/wp-json\/wp\/v2\/posts\/176\/revisions\/4587"}],"wp:attachment":[{"href":"https:\/\/antiguosalumnosmaravillas.com\/asociacion\/wp-json\/wp\/v2\/media?parent=176"}],"wp:term":[{"taxonomy":"category","embeddable":true,"href":"https:\/\/antiguosalumnosmaravillas.com\/asociacion\/wp-json\/wp\/v2\/categories?post=176"},{"taxonomy":"post_tag","embeddable":true,"href":"https:\/\/antiguosalumnosmaravillas.com\/asociacion\/wp-json\/wp\/v2\/tags?post=176"}],"curies":[{"name":"wp","href":"https:\/\/api.w.org\/{rel}","templated":true}]}}