{"id":175,"date":"2013-05-11T06:02:42","date_gmt":"2013-05-11T06:02:42","guid":{"rendered":"http:\/\/antiguosalumnosmaravillas.com\/asociacion\/?p=175"},"modified":"2025-12-10T18:58:32","modified_gmt":"2025-12-10T17:58:32","slug":"conferencia-luis-enriquezhttpwwwantiguosalumnosmaravillascomaaimagesstoriesluisenriquezpng","status":"publish","type":"post","link":"https:\/\/antiguosalumnosmaravillas.com\/asociacion\/conferencia-luis-enriquezhttpwwwantiguosalumnosmaravillascomaaimagesstoriesluisenriquezpng\/","title":{"rendered":"Conferencia Luis Enriquez"},"content":{"rendered":"<p><span style=\"font-size: 12.0pt; line-height: 115%; font-family: Arial; mso-bidi-font-family: Arial;\" lang=\"ES\">La Asociaci\u00f3n de Antiguos Alumnos del Colegio Maravillas tiene el placer de invitarte a la conferencia:<\/span><\/p>\n<div class=\"WordSection1\">\n<p class=\"MsoNormal\" style=\"margin-bottom: .0001pt; text-align: justify;\"><span style=\"font-size: 12.0pt; line-height: 115%; font-family: Arial; mso-bidi-font-family: Arial;\" lang=\"ES\"> <\/span><\/p>\n<p class=\"MsoNormal\" style=\"text-align: center;\" align=\"center\"><strong style=\"mso-bidi-font-weight: normal;\"><span style=\"font-size: 24.0pt; line-height: 115%; font-family: Arial; mso-bidi-font-family: Arial;\" lang=\"ES\">\u201cPresente y futuro de los peri\u00f3dicos en Espa\u00f1a\u201d<\/span><\/strong><\/p>\n<p class=\"MsoNormal\" style=\"margin-bottom: .0001pt; text-align: justify;\"><span style=\"font-size: 12.0pt; line-height: 115%; font-family: Arial; mso-bidi-font-family: Arial;\" lang=\"ES\"> <\/span><\/p>\n<p class=\"MsoNormal\" style=\"text-align: justify;\"><span style=\"font-size: 12.0pt; line-height: 115%; font-family: Arial; mso-bidi-font-family: Arial;\" lang=\"ES\">El pr\u00f3ximo lunes <strong><span style=\"text-decoration: underline;\">20 de mayo a las 19.00 h<\/span> <\/strong>en el Auditorio del Colegio, impartida por:<\/span><\/p>\n<table border=\"0\">\n<tbody>\n<tr>\n<td>\n<p><img decoding=\"async\" src=\"images\/stories\/luisenriquez.png\" border=\"0\" style=\"float: left;\" \/><\/p>\n<\/td>\n<td>\n<p class=\"MsoNormal\" style=\"margin-bottom: 0.0001pt; text-align: center;\"><strong style=\"mso-bidi-font-weight: normal;\"><span style=\"font-size: 24.0pt; line-height: 115%; font-family: Arial; mso-bidi-font-family: Arial; color: #0070c0;\" lang=\"ES\">D. Lu\u00eds Enr\u00edquez<\/span><\/strong><\/p>\n<p class=\"MsoNormal\" style=\"margin-bottom: 0.0001pt; text-align: center;\"><em style=\"mso-bidi-font-style: normal;\"><span style=\"font-size: 12.0pt; line-height: 115%; font-family: Arial; mso-bidi-font-family: Arial;\" lang=\"ES\"> <\/span><\/em><\/p>\n<p class=\"MsoNormal\" style=\"margin-bottom: 0.0001pt; text-align: center;\"><em style=\"mso-bidi-font-style: normal;\"><span style=\"font-size: 12.0pt; line-height: 115%; font-family: Arial; mso-bidi-font-family: Arial;\" lang=\"ES\">Consejero Delegado VOCENTO<\/span><\/em><\/p>\n<p class=\"MsoNormal\" style=\"margin-bottom: 0.0001pt; text-align: center;\"><em style=\"mso-bidi-font-style: normal;\"><span style=\"font-size: 12.0pt; line-height: 115%; font-family: Arial; mso-bidi-font-family: Arial;\" lang=\"ES\">Presidente Asociaci\u00f3n Editores de Diarios Espa\u00f1oles AEDE<\/span><\/em><\/p>\n<p class=\"MsoNormal\" style=\"margin-bottom: 0.0001pt; text-align: center;\"><em style=\"mso-bidi-font-style: normal;\"><span style=\"font-size: 12.0pt; line-height: 115%; font-family: Arial; mso-bidi-font-family: Arial;\" lang=\"ES\">Antiguo Alumno del Colegio MARAVILLAS<\/span><\/em><\/p>\n<\/td>\n<\/tr>\n<\/tbody>\n<\/table>\n<p class=\"MsoNormal\" style=\"margin-bottom: .0001pt; text-align: justify;\"><span style=\"text-decoration: underline;\"><span style=\"font-size: 12.0pt; line-height: 115%; font-family: Arial; mso-bidi-font-family: Arial;\" lang=\"ES\">AGENDA:<\/span><\/span><\/p>\n<p class=\"MsoNormal\" style=\"margin-bottom: .0001pt; text-align: justify;\"><span style=\"font-size: 12.0pt; line-height: 115%; font-family: Arial; mso-bidi-font-family: Arial;\" lang=\"ES\"> <\/span><\/p>\n<p class=\"MsoNormal\" style=\"margin-bottom: .0001pt; text-align: justify;\"><span style=\"font-size: 12.0pt; line-height: 115%; font-family: Arial; mso-bidi-font-family: Arial;\" lang=\"ES\">19.00 h a 19.15 h<span style=\"mso-tab-count: 1;\"> <\/span>Recepci\u00f3n de asistentes.<\/span><\/p>\n<p class=\"MsoNormal\" style=\"margin-bottom: .0001pt; text-align: justify;\"><span style=\"font-size: 12.0pt; line-height: 115%; font-family: Arial; mso-bidi-font-family: Arial;\" lang=\"ES\">19.15 h a 19.20 h<span style=\"mso-tab-count: 1;\"> <\/span><strong style=\"mso-bidi-font-weight: normal;\">Presentaci\u00f3n y bienvenida<\/strong><\/span><\/p>\n<p class=\"MsoNormal\" style=\"margin-top: 0in; margin-right: 0in; margin-bottom: .0001pt; margin-left: 70.8pt; text-align: justify; text-indent: 35.4pt;\"><span style=\"font-size: 12.0pt; line-height: 115%; font-family: Arial; mso-bidi-font-family: Arial;\" lang=\"ES\">D. Juan Carlos Mora, Presidente AA Maravillas<\/span><\/p>\n<p class=\"MsoNormal\" style=\"margin-top: 0in; margin-right: 0in; margin-bottom: .0001pt; margin-left: 106.2pt; text-align: justify; text-indent: -106.2pt;\"><span style=\"font-size: 12.0pt; line-height: 115%; font-family: Arial; mso-bidi-font-family: Arial;\" lang=\"ES\">19.20 h a 20.20 h<span style=\"mso-tab-count: 1;\"> <\/span><strong style=\"mso-bidi-font-weight: normal;\">Presente y futuro de los peri\u00f3dicos en Espa\u00f1a.<\/strong><\/span><\/p>\n<p class=\"MsoNormal\" style=\"margin-top: 0in; margin-right: 0in; margin-bottom: .0001pt; margin-left: 106.2pt; text-align: justify;\"><span style=\"font-size: 12.0pt; line-height: 115%; font-family: Arial; mso-bidi-font-family: Arial;\" lang=\"ES\">D. Lu\u00eds Enr\u00edquez, Consejero Delegado VOCENTO<\/span><\/p>\n<p class=\"MsoNormal\" style=\"margin-bottom: .0001pt; text-align: justify;\"><span style=\"font-size: 12.0pt; line-height: 115%; font-family: Arial; mso-bidi-font-family: Arial;\" lang=\"ES\">20.20 h a 20.40 h<span style=\"mso-tab-count: 1;\"> <\/span><strong style=\"mso-bidi-font-weight: normal;\">Coloquio<\/strong><\/span><\/p>\n<p class=\"MsoNormal\" style=\"margin-bottom: .0001pt; text-align: justify;\"><span style=\"font-size: 12.0pt; line-height: 115%; font-family: Arial; mso-bidi-font-family: Arial;\" lang=\"ES\"> <\/span><\/p>\n<p class=\"MsoNormal\" style=\"text-align: justify;\"><span style=\"font-size: 12.0pt; line-height: 115%; font-family: Arial; mso-bidi-font-family: Arial;\" lang=\"ES\">Por razones de aforo y de organizaci\u00f3n os agradecemos confirmar la asistencia enviando un mail a <\/span><span lang=\"ES\"><a href=\"mailto:antiguosalumnos@lasallemaravillas.com\"><span style=\"font-size: 12.0pt; line-height: 115%; font-family: Arial; mso-bidi-font-family: Arial;\">antiguosalumnos@lasallemaravillas.com<\/span><\/a><\/span><span style=\"font-size: 12.0pt; line-height: 115%; font-family: Arial; mso-bidi-font-family: Arial;\" lang=\"ES\"> con vuestro nombre, apellidos y si sois o no antiguos alumnos del colegio.<\/span><\/p>\n<\/p><\/div>\n<p><strong style=\"mso-bidi-font-weight: normal;\"><span style=\"font-size: 14.0pt; line-height: 115%; font-family: Arial; mso-fareast-font-family: Calibri; mso-fareast-theme-font: minor-latin; mso-bidi-font-family: Arial; mso-ansi-language: ES; mso-fareast-language: EN-US; mso-bidi-language: AR-SA;\" lang=\"ES\"><br style=\"page-break-before: always; mso-break-type: section-break;\" \/> <\/span><\/strong><\/p>\n","protected":false},"excerpt":{"rendered":"<p>La Asociaci\u00f3n de Antiguos Alumnos del Colegio Maravillas tiene el placer de invitarte a la conferencia: \u201cPresente y futuro de los peri\u00f3dicos en Espa\u00f1a\u201d El pr\u00f3ximo lunes 20 de mayo a las 19.00 h en el Auditorio del Colegio, impartida por: D. Lu\u00eds Enr\u00edquez Consejero Delegado VOCENTO Presidente Asociaci\u00f3n Editores de Diarios Espa\u00f1oles AEDE Antiguo [&hellip;]<\/p>\n","protected":false},"author":746,"featured_media":0,"comment_status":"closed","ping_status":"open","sticky":false,"template":"","format":"standard","meta":{"_et_pb_use_builder":"","_et_pb_old_content":"","_et_gb_content_width":"","footnotes":""},"categories":[7],"tags":[],"class_list":["post-175","post","type-post","status-publish","format-standard","hentry","category-c2-culturales"],"_links":{"self":[{"href":"https:\/\/antiguosalumnosmaravillas.com\/asociacion\/wp-json\/wp\/v2\/posts\/175","targetHints":{"allow":["GET"]}}],"collection":[{"href":"https:\/\/antiguosalumnosmaravillas.com\/asociacion\/wp-json\/wp\/v2\/posts"}],"about":[{"href":"https:\/\/antiguosalumnosmaravillas.com\/asociacion\/wp-json\/wp\/v2\/types\/post"}],"author":[{"embeddable":true,"href":"https:\/\/antiguosalumnosmaravillas.com\/asociacion\/wp-json\/wp\/v2\/users\/746"}],"replies":[{"embeddable":true,"href":"https:\/\/antiguosalumnosmaravillas.com\/asociacion\/wp-json\/wp\/v2\/comments?post=175"}],"version-history":[{"count":1,"href":"https:\/\/antiguosalumnosmaravillas.com\/asociacion\/wp-json\/wp\/v2\/posts\/175\/revisions"}],"predecessor-version":[{"id":4588,"href":"https:\/\/antiguosalumnosmaravillas.com\/asociacion\/wp-json\/wp\/v2\/posts\/175\/revisions\/4588"}],"wp:attachment":[{"href":"https:\/\/antiguosalumnosmaravillas.com\/asociacion\/wp-json\/wp\/v2\/media?parent=175"}],"wp:term":[{"taxonomy":"category","embeddable":true,"href":"https:\/\/antiguosalumnosmaravillas.com\/asociacion\/wp-json\/wp\/v2\/categories?post=175"},{"taxonomy":"post_tag","embeddable":true,"href":"https:\/\/antiguosalumnosmaravillas.com\/asociacion\/wp-json\/wp\/v2\/tags?post=175"}],"curies":[{"name":"wp","href":"https:\/\/api.w.org\/{rel}","templated":true}]}}