{"id":174,"date":"2013-04-21T08:03:50","date_gmt":"2013-04-21T08:03:50","guid":{"rendered":"http:\/\/antiguosalumnosmaravillas.com\/asociacion\/?p=174"},"modified":"2025-12-10T18:58:33","modified_gmt":"2025-12-10T17:58:33","slug":"misa-de-familias-2","status":"publish","type":"post","link":"https:\/\/antiguosalumnosmaravillas.com\/asociacion\/misa-de-familias-2\/","title":{"rendered":"Misa de Familias ABRIL 2013"},"content":{"rendered":"<p>\u00a0<\/p>\n<p style=\"text-align: center;\"><a href=\"http:\/\/antiguosalumnosmaravillas.com\/aa\/index.php?option=com_imagebrowser&#038;view=gallery&#038;folder=MisaFamilias13\"><img decoding=\"async\" src=\"images\/stories\/misafamilias13.png\" border=\"0\" width=\"400\" \/><\/a><\/p>\n<p>\u00danicamente tenemos palabras de agradecimiento y de orgullo por la Eucarist\u00eda tan c\u00e1lida que vivimos el pasado domingo en la Misa de las Familias organizada por la Asociaci\u00f3n de Antiguos Alumnos.<\/p>\n<p><span style=\"line-height: 1.3em;\">Nos reencontramos, nos acompa\u00f1amos, nos reiteramos de que somos una pi\u00f1a y que el dicho de \u201ctodos para uno y uno para todos\u201d nos viene como anillo al dedo.<\/span><\/p>\n<p>La labor que comenz\u00f3 aquel d\u00eda nuestro fundador, San Juan Bautista, tenemos el orgullo de decir con fuerza que est\u00e1 presente en todos y cada uno de nosotros.<\/p>\n","protected":false},"excerpt":{"rendered":"<p>\u00a0 \u00danicamente tenemos palabras de agradecimiento y de orgullo por la Eucarist\u00eda tan c\u00e1lida que vivimos el pasado domingo en la Misa de las Familias organizada por la Asociaci\u00f3n de Antiguos Alumnos. Nos reencontramos, nos acompa\u00f1amos, nos reiteramos de que somos una pi\u00f1a y que el dicho de \u201ctodos para uno y uno para todos\u201d [&hellip;]<\/p>\n","protected":false},"author":746,"featured_media":0,"comment_status":"closed","ping_status":"open","sticky":false,"template":"","format":"standard","meta":{"_et_pb_use_builder":"","_et_pb_old_content":"","_et_gb_content_width":"","footnotes":""},"categories":[7],"tags":[],"class_list":["post-174","post","type-post","status-publish","format-standard","hentry","category-c2-culturales"],"_links":{"self":[{"href":"https:\/\/antiguosalumnosmaravillas.com\/asociacion\/wp-json\/wp\/v2\/posts\/174","targetHints":{"allow":["GET"]}}],"collection":[{"href":"https:\/\/antiguosalumnosmaravillas.com\/asociacion\/wp-json\/wp\/v2\/posts"}],"about":[{"href":"https:\/\/antiguosalumnosmaravillas.com\/asociacion\/wp-json\/wp\/v2\/types\/post"}],"author":[{"embeddable":true,"href":"https:\/\/antiguosalumnosmaravillas.com\/asociacion\/wp-json\/wp\/v2\/users\/746"}],"replies":[{"embeddable":true,"href":"https:\/\/antiguosalumnosmaravillas.com\/asociacion\/wp-json\/wp\/v2\/comments?post=174"}],"version-history":[{"count":1,"href":"https:\/\/antiguosalumnosmaravillas.com\/asociacion\/wp-json\/wp\/v2\/posts\/174\/revisions"}],"predecessor-version":[{"id":4589,"href":"https:\/\/antiguosalumnosmaravillas.com\/asociacion\/wp-json\/wp\/v2\/posts\/174\/revisions\/4589"}],"wp:attachment":[{"href":"https:\/\/antiguosalumnosmaravillas.com\/asociacion\/wp-json\/wp\/v2\/media?parent=174"}],"wp:term":[{"taxonomy":"category","embeddable":true,"href":"https:\/\/antiguosalumnosmaravillas.com\/asociacion\/wp-json\/wp\/v2\/categories?post=174"},{"taxonomy":"post_tag","embeddable":true,"href":"https:\/\/antiguosalumnosmaravillas.com\/asociacion\/wp-json\/wp\/v2\/tags?post=174"}],"curies":[{"name":"wp","href":"https:\/\/api.w.org\/{rel}","templated":true}]}}