{"id":172,"date":"2013-04-12T10:11:57","date_gmt":"2013-04-12T10:11:57","guid":{"rendered":"http:\/\/antiguosalumnosmaravillas.com\/asociacion\/?p=172"},"modified":"2025-12-10T18:58:33","modified_gmt":"2025-12-10T17:58:33","slug":"misa-de-familias","status":"publish","type":"post","link":"https:\/\/antiguosalumnosmaravillas.com\/asociacion\/misa-de-familias\/","title":{"rendered":"Misa de Familias"},"content":{"rendered":"<p style=\"text-align: center;\"><img decoding=\"async\" src=\"images\/stories\/misa.png\" border=\"0\" \/><\/p>\n<p><span style=\"font-family: Arial; mso-bidi-font-family: Arial;\" lang=\"ES\">Desde la Asociaci\u00f3n de Antiguos Alumnos queremos invitarte a nuestra tradicional y entra\u00f1able <strong style=\"mso-bidi-font-weight: normal;\">Misa de las Familias el pr\u00f3ximo domingo d\u00eda 14 de Abril a las 12 de la ma\u00f1ana,<\/strong> organizada por primera vez por los antiguos alumnos del colegio. Tras finalizar la Eucarist\u00eda podremos tomar juntos el aperitivo en el comedor del Colegio y recordar viejos tiempos.<\/span><\/p>\n<p class=\"MsoNormal\" style=\"text-align: justify; line-height: 150%;\"><span style=\"font-family: Arial; mso-bidi-font-family: Arial;\" lang=\"ES\"> <\/span><\/p>\n<p class=\"MsoNormal\" style=\"text-align: justify; line-height: 150%;\"><span style=\"font-family: Arial; mso-bidi-font-family: Arial;\" lang=\"ES\">Aprovecharemos esta ocasi\u00f3n para hacer fotos de los antiguos alumnos que quieran participar en la elaboraci\u00f3n de la nueva web para el D\u00eda de las Familias 2013.<\/span><\/p>\n","protected":false},"excerpt":{"rendered":"<p>Desde la Asociaci\u00f3n de Antiguos Alumnos queremos invitarte a nuestra tradicional y entra\u00f1able Misa de las Familias el pr\u00f3ximo domingo d\u00eda 14 de Abril a las 12 de la ma\u00f1ana, organizada por primera vez por los antiguos alumnos del colegio. Tras finalizar la Eucarist\u00eda podremos tomar juntos el aperitivo en el comedor del Colegio y [&hellip;]<\/p>\n","protected":false},"author":746,"featured_media":0,"comment_status":"closed","ping_status":"open","sticky":false,"template":"","format":"standard","meta":{"_et_pb_use_builder":"","_et_pb_old_content":"","_et_gb_content_width":"","footnotes":""},"categories":[7],"tags":[],"class_list":["post-172","post","type-post","status-publish","format-standard","hentry","category-c2-culturales"],"_links":{"self":[{"href":"https:\/\/antiguosalumnosmaravillas.com\/asociacion\/wp-json\/wp\/v2\/posts\/172","targetHints":{"allow":["GET"]}}],"collection":[{"href":"https:\/\/antiguosalumnosmaravillas.com\/asociacion\/wp-json\/wp\/v2\/posts"}],"about":[{"href":"https:\/\/antiguosalumnosmaravillas.com\/asociacion\/wp-json\/wp\/v2\/types\/post"}],"author":[{"embeddable":true,"href":"https:\/\/antiguosalumnosmaravillas.com\/asociacion\/wp-json\/wp\/v2\/users\/746"}],"replies":[{"embeddable":true,"href":"https:\/\/antiguosalumnosmaravillas.com\/asociacion\/wp-json\/wp\/v2\/comments?post=172"}],"version-history":[{"count":1,"href":"https:\/\/antiguosalumnosmaravillas.com\/asociacion\/wp-json\/wp\/v2\/posts\/172\/revisions"}],"predecessor-version":[{"id":4591,"href":"https:\/\/antiguosalumnosmaravillas.com\/asociacion\/wp-json\/wp\/v2\/posts\/172\/revisions\/4591"}],"wp:attachment":[{"href":"https:\/\/antiguosalumnosmaravillas.com\/asociacion\/wp-json\/wp\/v2\/media?parent=172"}],"wp:term":[{"taxonomy":"category","embeddable":true,"href":"https:\/\/antiguosalumnosmaravillas.com\/asociacion\/wp-json\/wp\/v2\/categories?post=172"},{"taxonomy":"post_tag","embeddable":true,"href":"https:\/\/antiguosalumnosmaravillas.com\/asociacion\/wp-json\/wp\/v2\/tags?post=172"}],"curies":[{"name":"wp","href":"https:\/\/api.w.org\/{rel}","templated":true}]}}