{"id":170,"date":"2013-03-14T10:54:43","date_gmt":"2013-03-14T10:54:43","guid":{"rendered":"http:\/\/antiguosalumnosmaravillas.com\/asociacion\/?p=170"},"modified":"2025-12-10T18:58:34","modified_gmt":"2025-12-10T17:58:34","slug":"homenaje-marciano-burgos","status":"publish","type":"post","link":"https:\/\/antiguosalumnosmaravillas.com\/asociacion\/homenaje-marciano-burgos\/","title":{"rendered":"Homenaje Marciano Burgos"},"content":{"rendered":"<p>\u00a0<\/p>\n<h1 class=\"MsoNormal\" style=\"text-align: center;\"><strong style=\"mso-bidi-font-weight: normal;\"><em style=\"mso-bidi-font-style: normal;\"><span lang=\"ES\">Homenaje a Marciano Burgos,<span style=\"mso-spacerun: yes;\"> <\/span>nuestro profesor de Historia.<\/span><\/em><\/strong><\/h1>\n<p class=\"MsoNormal\" style=\"text-align: center;\" align=\"center\"><strong style=\"mso-bidi-font-weight: normal;\"><em style=\"mso-bidi-font-style: normal;\"><span lang=\"ES\"> <\/span><\/em><\/strong><a href=\"http:\/\/antiguosalumnosmaravillas.com\/aa\/index.php?option=com_imagebrowser&amp;view=gallery&amp;folder=MAR_2013\"><span lang=\"ES\"><img decoding=\"async\" src=\"images\/stories\/marciano.png\" border=\"0\" \/><\/span><\/a><\/p>\n<p class=\"MsoNormal\" style=\"text-align: center;\" align=\"center\"><strong style=\"mso-bidi-font-weight: normal;\"><em style=\"mso-bidi-font-style: normal;\"><span style=\"mso-fareast-language: ES; mso-no-proof: yes;\" lang=\"ES\"> <\/span><span lang=\"ES\"> <\/span><\/em><\/strong><\/p>\n<p class=\"MsoNormal\" style=\"text-align: center;\" align=\"center\"><a href=\"http:\/\/antiguosalumnosmaravillas.com\/aa\/index.php?option=com_imagebrowser&amp;view=gallery&amp;folder=MAR_2013\"><strong style=\"mso-bidi-font-weight: normal;\"><em style=\"mso-bidi-font-style: normal;\"><span lang=\"ES\">Pincha en la foto para ver todas las fotos del acto.<\/span><\/em><\/strong><\/a><\/p>\n<p class=\"MsoNormal\" style=\"text-align: center;\" align=\"center\"><span lang=\"ES\">El pasado jueves 7 de marzo, la Asociaci\u00f3n de Antiguos Alumnos del Colegio, reuni\u00f3 a profesores jubilados y en activo, junto con antiguos compa\u00f1eros que han pasado por nuestras aulas para rendir homenaje a D. Marciano Burgos.<\/span><\/p>\n<p class=\"MsoNormal\" style=\"text-align: center;\" align=\"center\"><span lang=\"ES\">Las risas, recuerdos, an\u00e9cdotas y un sinf\u00edn de detalles nos recorrieron por las emociones de todos los que all\u00ed estuvimos presentes. Marciano hizo un emotivo discurso, que puedes descargar en este <a href=\"images\/Marciano_Burgos_Discurso.pdf\" target=\"_blank\"><strong style=\"mso-bidi-font-weight: normal;\">link<\/strong><\/a>, que nos hizo recordar muchos momentos de la historia del Colegio.<\/span><\/p>\n<p class=\"MsoNormal\" style=\"text-align: center;\" align=\"center\"><span lang=\"ES\">Gran profesional, gran compa\u00f1ero, gran hombre.<\/span><\/p>\n","protected":false},"excerpt":{"rendered":"<p>\u00a0 Homenaje a Marciano Burgos, nuestro profesor de Historia. Pincha en la foto para ver todas las fotos del acto. El pasado jueves 7 de marzo, la Asociaci\u00f3n de Antiguos Alumnos del Colegio, reuni\u00f3 a profesores jubilados y en activo, junto con antiguos compa\u00f1eros que han pasado por nuestras aulas para rendir homenaje a D. [&hellip;]<\/p>\n","protected":false},"author":746,"featured_media":0,"comment_status":"closed","ping_status":"open","sticky":false,"template":"","format":"standard","meta":{"_et_pb_use_builder":"","_et_pb_old_content":"","_et_gb_content_width":"","footnotes":""},"categories":[7],"tags":[],"class_list":["post-170","post","type-post","status-publish","format-standard","hentry","category-c2-culturales"],"_links":{"self":[{"href":"https:\/\/antiguosalumnosmaravillas.com\/asociacion\/wp-json\/wp\/v2\/posts\/170","targetHints":{"allow":["GET"]}}],"collection":[{"href":"https:\/\/antiguosalumnosmaravillas.com\/asociacion\/wp-json\/wp\/v2\/posts"}],"about":[{"href":"https:\/\/antiguosalumnosmaravillas.com\/asociacion\/wp-json\/wp\/v2\/types\/post"}],"author":[{"embeddable":true,"href":"https:\/\/antiguosalumnosmaravillas.com\/asociacion\/wp-json\/wp\/v2\/users\/746"}],"replies":[{"embeddable":true,"href":"https:\/\/antiguosalumnosmaravillas.com\/asociacion\/wp-json\/wp\/v2\/comments?post=170"}],"version-history":[{"count":1,"href":"https:\/\/antiguosalumnosmaravillas.com\/asociacion\/wp-json\/wp\/v2\/posts\/170\/revisions"}],"predecessor-version":[{"id":4593,"href":"https:\/\/antiguosalumnosmaravillas.com\/asociacion\/wp-json\/wp\/v2\/posts\/170\/revisions\/4593"}],"wp:attachment":[{"href":"https:\/\/antiguosalumnosmaravillas.com\/asociacion\/wp-json\/wp\/v2\/media?parent=170"}],"wp:term":[{"taxonomy":"category","embeddable":true,"href":"https:\/\/antiguosalumnosmaravillas.com\/asociacion\/wp-json\/wp\/v2\/categories?post=170"},{"taxonomy":"post_tag","embeddable":true,"href":"https:\/\/antiguosalumnosmaravillas.com\/asociacion\/wp-json\/wp\/v2\/tags?post=170"}],"curies":[{"name":"wp","href":"https:\/\/api.w.org\/{rel}","templated":true}]}}