{"id":150,"date":"2012-11-21T15:54:14","date_gmt":"2012-11-21T15:54:14","guid":{"rendered":"http:\/\/antiguosalumnosmaravillas.com\/asociacion\/?p=150"},"modified":"2025-12-10T18:58:39","modified_gmt":"2025-12-10T17:58:39","slug":"conferencia-manuel-castro-2","status":"publish","type":"post","link":"https:\/\/antiguosalumnosmaravillas.com\/asociacion\/conferencia-manuel-castro-2\/","title":{"rendered":"Conferencia Manuel Castro"},"content":{"rendered":"<p>El pasado 20 de noviembre tuvimos la suerte de contar con la participaci\u00f3n de Manuel Castro, Director General de Riesgos de BBVA, y antiguo alumnos del Colegio Maravillas, en la conferencia \u201cEl rescate a la banca y sus consecuencias en la econom\u00eda espa\u00f1ola\u201d.<\/p>\n<p>Disfrutamos de una reflexi\u00f3n profunda del porqu\u00e9 de la situaci\u00f3n actual, los excesos de la econom\u00eda espa\u00f1ola, la situaci\u00f3n de las cuentas del Estado, y la reestructuraci\u00f3n del panorama financiero. Insisti\u00f3 en la diferencia entre las Cajas y los Bancos, y nos hizo una comparativa muy clara con el resto de pa\u00edses de nuestro entorno. Entre sus conclusiones, cabe destacar su actitud positiva ante esta situaci\u00f3n, el soplo de \u00e1nimo que nos transmiti\u00f3.<\/p>\n<p>Desde la Asociaci\u00f3n de Antiguos Alumnos del Colegio Maravillas queremos usar este medio para volver a agradecer su participaci\u00f3n desinteresada y su disponibilidad. Sus palabras \u201cdebemos volver a los valores del pasado, como los aprendidos en el Colegio Maravillas\u201d son une ejemplo de su cari\u00f1o por el colegio.<\/p>\n<p style=\"text-align: center;\"><a href=\"http:\/\/antiguosalumnosmaravillas.com\/aa\/index.php?option=com_imagebrowser&#038;view=gallery&#038;folder=Mcastro\"><img decoding=\"async\" src=\"images\/stories\/mcastro.jpg\" border=\"0\" width=\"600\" \/><\/a><\/p>\n","protected":false},"excerpt":{"rendered":"<p>El pasado 20 de noviembre tuvimos la suerte de contar con la participaci\u00f3n de Manuel Castro, Director General de Riesgos de BBVA, y antiguo alumnos del Colegio Maravillas, en la conferencia \u201cEl rescate a la banca y sus consecuencias en la econom\u00eda espa\u00f1ola\u201d. Disfrutamos de una reflexi\u00f3n profunda del porqu\u00e9 de la situaci\u00f3n actual, los [&hellip;]<\/p>\n","protected":false},"author":746,"featured_media":0,"comment_status":"closed","ping_status":"open","sticky":false,"template":"","format":"standard","meta":{"_et_pb_use_builder":"","_et_pb_old_content":"","_et_gb_content_width":"","footnotes":""},"categories":[7],"tags":[],"class_list":["post-150","post","type-post","status-publish","format-standard","hentry","category-c2-culturales"],"_links":{"self":[{"href":"https:\/\/antiguosalumnosmaravillas.com\/asociacion\/wp-json\/wp\/v2\/posts\/150","targetHints":{"allow":["GET"]}}],"collection":[{"href":"https:\/\/antiguosalumnosmaravillas.com\/asociacion\/wp-json\/wp\/v2\/posts"}],"about":[{"href":"https:\/\/antiguosalumnosmaravillas.com\/asociacion\/wp-json\/wp\/v2\/types\/post"}],"author":[{"embeddable":true,"href":"https:\/\/antiguosalumnosmaravillas.com\/asociacion\/wp-json\/wp\/v2\/users\/746"}],"replies":[{"embeddable":true,"href":"https:\/\/antiguosalumnosmaravillas.com\/asociacion\/wp-json\/wp\/v2\/comments?post=150"}],"version-history":[{"count":1,"href":"https:\/\/antiguosalumnosmaravillas.com\/asociacion\/wp-json\/wp\/v2\/posts\/150\/revisions"}],"predecessor-version":[{"id":4610,"href":"https:\/\/antiguosalumnosmaravillas.com\/asociacion\/wp-json\/wp\/v2\/posts\/150\/revisions\/4610"}],"wp:attachment":[{"href":"https:\/\/antiguosalumnosmaravillas.com\/asociacion\/wp-json\/wp\/v2\/media?parent=150"}],"wp:term":[{"taxonomy":"category","embeddable":true,"href":"https:\/\/antiguosalumnosmaravillas.com\/asociacion\/wp-json\/wp\/v2\/categories?post=150"},{"taxonomy":"post_tag","embeddable":true,"href":"https:\/\/antiguosalumnosmaravillas.com\/asociacion\/wp-json\/wp\/v2\/tags?post=150"}],"curies":[{"name":"wp","href":"https:\/\/api.w.org\/{rel}","templated":true}]}}