{"id":148,"date":"2012-11-12T19:48:25","date_gmt":"2012-11-12T19:48:25","guid":{"rendered":"http:\/\/antiguosalumnosmaravillas.com\/asociacion\/?p=148"},"modified":"2025-12-10T18:58:39","modified_gmt":"2025-12-10T17:58:39","slug":"celebracion-del-46-aniversario-de-la-promocion-1965-1966","status":"publish","type":"post","link":"https:\/\/antiguosalumnosmaravillas.com\/asociacion\/celebracion-del-46-aniversario-de-la-promocion-1965-1966\/","title":{"rendered":"Celebraci\u00f3n del 46 aniversario de la promoci\u00f3n 1.965-1.966"},"content":{"rendered":"<p>El pasado martes 23 de octubre nos reunimos 30 compa\u00f1eros para celebrar nuestro aniversario, con la ayuda de Rafa Montejo, Pilar Rodr\u00edguez de Rivera, Paco Parrilla y los Hermanos Gerardo y Tarsicio.<\/p>\n<p>Comenzamos por la tarde con una amplia visita al colegio que culmin\u00f3 con la proyecci\u00f3n de la pel\u00edcula original de 1.961 de la inauguraci\u00f3n del gimnasio. Al v\u00eddeo, mudo en la actualidad, le pusimos algunas de las piezas de m\u00fasica que recordamos que acompa\u00f1aban al repaso de la historia de la gimnasia, que los alumnos de entonces representamos durante la inauguraci\u00f3n.<br \/>El actual Director, Hno Gerardo, nos hizo entrega de un ejemplar del libro conmemorativo de los 100 a\u00f1os del colegio que agradecimos mucho.<\/p>\n<p>Finalmente, nos trasladamos al restaurante Jai Alai donde terminamos la noche con otro v\u00eddeo representativo de nuestro paso por le colegio y que ya est\u00e1 en la web de Antiguos Alumnos.<br \/>Hemos conseguido 50 contactos de excompa\u00f1eros lo cual no est\u00e1 mal a esta alturas.<br \/>Gracias por la colaboraci\u00f3n a los citados miembros de la Junta y a los hermanos.<\/p>\n<p>Antonio Jim\u00e9nez Visedo<\/p>\n","protected":false},"excerpt":{"rendered":"<p>El pasado martes 23 de octubre nos reunimos 30 compa\u00f1eros para celebrar nuestro aniversario, con la ayuda de Rafa Montejo, Pilar Rodr\u00edguez de Rivera, Paco Parrilla y los Hermanos Gerardo y Tarsicio. Comenzamos por la tarde con una amplia visita al colegio que culmin\u00f3 con la proyecci\u00f3n de la pel\u00edcula original de 1.961 de la [&hellip;]<\/p>\n","protected":false},"author":746,"featured_media":0,"comment_status":"closed","ping_status":"open","sticky":false,"template":"","format":"standard","meta":{"_et_pb_use_builder":"","_et_pb_old_content":"","_et_gb_content_width":"","footnotes":""},"categories":[11],"tags":[],"class_list":["post-148","post","type-post","status-publish","format-standard","hentry","category-c23-aniversarios"],"_links":{"self":[{"href":"https:\/\/antiguosalumnosmaravillas.com\/asociacion\/wp-json\/wp\/v2\/posts\/148","targetHints":{"allow":["GET"]}}],"collection":[{"href":"https:\/\/antiguosalumnosmaravillas.com\/asociacion\/wp-json\/wp\/v2\/posts"}],"about":[{"href":"https:\/\/antiguosalumnosmaravillas.com\/asociacion\/wp-json\/wp\/v2\/types\/post"}],"author":[{"embeddable":true,"href":"https:\/\/antiguosalumnosmaravillas.com\/asociacion\/wp-json\/wp\/v2\/users\/746"}],"replies":[{"embeddable":true,"href":"https:\/\/antiguosalumnosmaravillas.com\/asociacion\/wp-json\/wp\/v2\/comments?post=148"}],"version-history":[{"count":1,"href":"https:\/\/antiguosalumnosmaravillas.com\/asociacion\/wp-json\/wp\/v2\/posts\/148\/revisions"}],"predecessor-version":[{"id":4612,"href":"https:\/\/antiguosalumnosmaravillas.com\/asociacion\/wp-json\/wp\/v2\/posts\/148\/revisions\/4612"}],"wp:attachment":[{"href":"https:\/\/antiguosalumnosmaravillas.com\/asociacion\/wp-json\/wp\/v2\/media?parent=148"}],"wp:term":[{"taxonomy":"category","embeddable":true,"href":"https:\/\/antiguosalumnosmaravillas.com\/asociacion\/wp-json\/wp\/v2\/categories?post=148"},{"taxonomy":"post_tag","embeddable":true,"href":"https:\/\/antiguosalumnosmaravillas.com\/asociacion\/wp-json\/wp\/v2\/tags?post=148"}],"curies":[{"name":"wp","href":"https:\/\/api.w.org\/{rel}","templated":true}]}}