{"id":147,"date":"2012-11-12T13:10:05","date_gmt":"2012-11-12T13:10:05","guid":{"rendered":"http:\/\/antiguosalumnosmaravillas.com\/asociacion\/?p=147"},"modified":"2025-12-10T18:58:39","modified_gmt":"2025-12-10T17:58:39","slug":"reunion-promocion-58-59","status":"publish","type":"post","link":"https:\/\/antiguosalumnosmaravillas.com\/asociacion\/reunion-promocion-58-59\/","title":{"rendered":"Reuni\u00f3n Promoci\u00f3n 58 \/ 59"},"content":{"rendered":"<p class=\"MsoNormal\"><span style=\"font-size: 12.0pt; line-height: 115%; font-family: Arial; mso-bidi-font-family: Arial;\" lang=\"ES\">El pasado 7 de noviembre, en la C\u00e1mara de Oficiales de la Armada, tuvo lugar el encuentro de la promoci\u00f3n 58 \/ 59. Esta es una promoci\u00f3n muy activa y que mantiene vivos los valores que mueven la Asociaci\u00f3n de Antiguos Alumnos. Se re\u00fanen con cierta frecuencia, tienen su propio \u00e1lbum de fotos con recuerdos inolvidables y adem\u00e1s colaboran con nuestra Asociaci\u00f3n en la captaci\u00f3n de contactos para futuras comunicaciones.<\/span><\/p>\n<p class=\"MsoNormal\"><span style=\"font-size: 12.0pt; line-height: 115%; font-family: Arial; mso-bidi-font-family: Arial;\" lang=\"ES\">Son varias las personas que mueven a esta promoci\u00f3n, pero no podemos dejar de mencionar a Carlos del Ama y a Jose J. D\u00edaz.<\/span><\/p>\n<p class=\"MsoNormal\"><span style=\"font-size: 12.0pt; line-height: 115%; font-family: Arial; mso-bidi-font-family: Arial;\" lang=\"ES\">Juan Carlos Mora, nuestro presidente, tuvo la oportunidad de compartir unos momentos con ellos, y de disfrutar de an\u00e9cdotas e historias que a todos los que queremos el Colegio Maravillas nos encantan.<\/span><\/p>\n<p class=\"MsoNormal\"><span style=\"font-size: 12.0pt; line-height: 115%; font-family: Arial; mso-bidi-font-family: Arial;\" lang=\"ES\">Os adjuntamos unas <a href=\"http:\/\/antiguosalumnosmaravillas.com\/aa\/index.php?option=com_imagebrowser&#038;view=gallery&#038;folder=Prom_58-59\">fotos de ese d\u00eda <\/a>para que pod\u00e1is comprobar el \u00e9xito de la convocatoria. Desde la Asociaci\u00f3n e Antiguos Alumnos les damos la enhorabuena por su actividad y os animamos a todos a seguir su ejemplo.<\/span><\/p>\n","protected":false},"excerpt":{"rendered":"<p>El pasado 7 de noviembre, en la C\u00e1mara de Oficiales de la Armada, tuvo lugar el encuentro de la promoci\u00f3n 58 \/ 59. Esta es una promoci\u00f3n muy activa y que mantiene vivos los valores que mueven la Asociaci\u00f3n de Antiguos Alumnos. Se re\u00fanen con cierta frecuencia, tienen su propio \u00e1lbum de fotos con recuerdos [&hellip;]<\/p>\n","protected":false},"author":746,"featured_media":0,"comment_status":"closed","ping_status":"open","sticky":false,"template":"","format":"standard","meta":{"_et_pb_use_builder":"","_et_pb_old_content":"","_et_gb_content_width":"","footnotes":""},"categories":[11],"tags":[],"class_list":["post-147","post","type-post","status-publish","format-standard","hentry","category-c23-aniversarios"],"_links":{"self":[{"href":"https:\/\/antiguosalumnosmaravillas.com\/asociacion\/wp-json\/wp\/v2\/posts\/147","targetHints":{"allow":["GET"]}}],"collection":[{"href":"https:\/\/antiguosalumnosmaravillas.com\/asociacion\/wp-json\/wp\/v2\/posts"}],"about":[{"href":"https:\/\/antiguosalumnosmaravillas.com\/asociacion\/wp-json\/wp\/v2\/types\/post"}],"author":[{"embeddable":true,"href":"https:\/\/antiguosalumnosmaravillas.com\/asociacion\/wp-json\/wp\/v2\/users\/746"}],"replies":[{"embeddable":true,"href":"https:\/\/antiguosalumnosmaravillas.com\/asociacion\/wp-json\/wp\/v2\/comments?post=147"}],"version-history":[{"count":1,"href":"https:\/\/antiguosalumnosmaravillas.com\/asociacion\/wp-json\/wp\/v2\/posts\/147\/revisions"}],"predecessor-version":[{"id":4613,"href":"https:\/\/antiguosalumnosmaravillas.com\/asociacion\/wp-json\/wp\/v2\/posts\/147\/revisions\/4613"}],"wp:attachment":[{"href":"https:\/\/antiguosalumnosmaravillas.com\/asociacion\/wp-json\/wp\/v2\/media?parent=147"}],"wp:term":[{"taxonomy":"category","embeddable":true,"href":"https:\/\/antiguosalumnosmaravillas.com\/asociacion\/wp-json\/wp\/v2\/categories?post=147"},{"taxonomy":"post_tag","embeddable":true,"href":"https:\/\/antiguosalumnosmaravillas.com\/asociacion\/wp-json\/wp\/v2\/tags?post=147"}],"curies":[{"name":"wp","href":"https:\/\/api.w.org\/{rel}","templated":true}]}}