{"id":1295,"date":"2017-06-19T11:41:05","date_gmt":"2017-06-19T10:41:05","guid":{"rendered":"http:\/\/antiguosalumnosmaravillas.com\/asociacion\/?p=1295"},"modified":"2025-12-10T18:57:04","modified_gmt":"2025-12-10T17:57:04","slug":"fotos-ii-torneo-de-baloncesto-3x3","status":"publish","type":"post","link":"https:\/\/antiguosalumnosmaravillas.com\/asociacion\/fotos-ii-torneo-de-baloncesto-3x3\/","title":{"rendered":"FOTOS II TORNEO DE BALONCESTO 3X3"},"content":{"rendered":"<p>[et_pb_section admin_label=\u00bbsection\u00bb][et_pb_row admin_label=\u00bbrow\u00bb][et_pb_column type=\u00bb4_4&#8243;][et_pb_text admin_label=\u00bbTexto\u00bb background_layout=\u00bblight\u00bb text_orientation=\u00bbleft\u00bb text_font_size=\u00bb14&#8243; use_border_color=\u00bboff\u00bb border_color=\u00bb#ffffff\u00bb border_style=\u00bbsolid\u00bb]<\/p>\n<p>El pasado\u00a0domingo 18 de junio, celebramos la II Edici\u00f3n del Torneo de Baloncesto 3&#215;3.<\/p>\n<p>Un a\u00f1o m\u00e1s nos reunimos en el Polideportivo del Colegio para disfrutar de una gran tarde de deporte y diversi\u00f3n.<\/p>\n<p>A continuaci\u00f3n os dejamos una amplia galer\u00eda de las fotos del Torneo.<\/p>\n<p>[\/et_pb_text][\/et_pb_column][\/et_pb_row][et_pb_row admin_label=\u00bbFila\u00bb][et_pb_column type=\u00bb4_4&#8243;][et_pb_gallery admin_label=\u00bbGaler\u00eda\u00bb gallery_ids=\u00bb1297,1298,1299,1300,1301,1302,1303,1304,1305,1306,1307,1308,1309,1310,1311,1312,1313,1314,1315,1316,1317&#8243; fullwidth=\u00bboff\u00bb posts_number=\u00bb16&#8243; show_title_and_caption=\u00bboff\u00bb show_pagination=\u00bbon\u00bb background_layout=\u00bblight\u00bb auto=\u00bboff\u00bb hover_overlay_color=\u00bbrgba(255,255,255,0.9)\u00bb caption_font_size=\u00bb14&#8243; caption_all_caps=\u00bboff\u00bb title_font_size=\u00bb16&#8243; use_border_color=\u00bboff\u00bb border_color=\u00bb#ffffff\u00bb border_style=\u00bbsolid\u00bb] [\/et_pb_gallery][\/et_pb_column][\/et_pb_row][\/et_pb_section]<\/p>\n","protected":false},"excerpt":{"rendered":"<p>El pasado\u00a0domingo 18 de junio, celebramos la II Edici\u00f3n del Torneo de Baloncesto 3&#215;3. Un a\u00f1o m\u00e1s nos reunimos en el Polideportivo del Colegio para disfrutar de una gran tarde de deporte y diversi\u00f3n. A continuaci\u00f3n os dejamos una amplia galer\u00eda de las fotos del Torneo.<\/p>\n","protected":false},"author":2,"featured_media":1301,"comment_status":"closed","ping_status":"closed","sticky":false,"template":"","format":"standard","meta":{"_et_pb_use_builder":"on","_et_pb_old_content":"","_et_gb_content_width":"","footnotes":""},"categories":[2,6],"tags":[],"class_list":["post-1295","post","type-post","status-publish","format-standard","has-post-thumbnail","hentry","category-s1-actividades","category-c1-deportivas"],"_links":{"self":[{"href":"https:\/\/antiguosalumnosmaravillas.com\/asociacion\/wp-json\/wp\/v2\/posts\/1295","targetHints":{"allow":["GET"]}}],"collection":[{"href":"https:\/\/antiguosalumnosmaravillas.com\/asociacion\/wp-json\/wp\/v2\/posts"}],"about":[{"href":"https:\/\/antiguosalumnosmaravillas.com\/asociacion\/wp-json\/wp\/v2\/types\/post"}],"author":[{"embeddable":true,"href":"https:\/\/antiguosalumnosmaravillas.com\/asociacion\/wp-json\/wp\/v2\/users\/2"}],"replies":[{"embeddable":true,"href":"https:\/\/antiguosalumnosmaravillas.com\/asociacion\/wp-json\/wp\/v2\/comments?post=1295"}],"version-history":[{"count":3,"href":"https:\/\/antiguosalumnosmaravillas.com\/asociacion\/wp-json\/wp\/v2\/posts\/1295\/revisions"}],"predecessor-version":[{"id":1320,"href":"https:\/\/antiguosalumnosmaravillas.com\/asociacion\/wp-json\/wp\/v2\/posts\/1295\/revisions\/1320"}],"wp:featuredmedia":[{"embeddable":true,"href":"https:\/\/antiguosalumnosmaravillas.com\/asociacion\/wp-json\/wp\/v2\/media\/1301"}],"wp:attachment":[{"href":"https:\/\/antiguosalumnosmaravillas.com\/asociacion\/wp-json\/wp\/v2\/media?parent=1295"}],"wp:term":[{"taxonomy":"category","embeddable":true,"href":"https:\/\/antiguosalumnosmaravillas.com\/asociacion\/wp-json\/wp\/v2\/categories?post=1295"},{"taxonomy":"post_tag","embeddable":true,"href":"https:\/\/antiguosalumnosmaravillas.com\/asociacion\/wp-json\/wp\/v2\/tags?post=1295"}],"curies":[{"name":"wp","href":"https:\/\/api.w.org\/{rel}","templated":true}]}}