{"id":128,"date":"2012-06-08T22:04:06","date_gmt":"2012-06-08T22:04:06","guid":{"rendered":"http:\/\/antiguosalumnosmaravillas.com\/asociacion\/?p=128"},"modified":"2025-12-10T19:03:05","modified_gmt":"2025-12-10T18:03:05","slug":"conferencia-eduardo-torres-dulce","status":"publish","type":"post","link":"https:\/\/antiguosalumnosmaravillas.com\/asociacion\/conferencia-eduardo-torres-dulce\/","title":{"rendered":"Conferencia Eduardo Torres Dulce"},"content":{"rendered":"<p>El pasado 4 de junio, lunes, tuvimos la suerte de contar con la participaci\u00f3n de D. Eduardo Torres-Dulce, Fiscal General de Estado, y antiguo alumno del Colegio Maravillas, en la conferencia sobre \u201cLa Modernizaci\u00f3n de la Justicia en Espa\u00f1a\u201d.<br \/>Los que estuvimos all\u00ed pudimos disfrutar de una reflexi\u00f3n serena, seria, profunda e inteligente de la realidad de la justicia. Salimos preocupados por todo lo que nos cont\u00f3, pero con la tranquilidad de saber que al frente de la Fiscal\u00eda hay una persona con las ideas muy claras, consciente de los problemas de la sociedad actual y con unos valores que le ayudar\u00e1n a afrontar los retos que tiene por delante.<\/p>\n<h1 align=\"center\"><font face=\"arial,helvetica,sans-serif\"><a href=\"http:\/\/antiguosalumnosmaravillas.com\/aa\/index.php?option=com_imagebrowser&#038;view=gallery&#038;folder=TD_2012\"><strong>Fotos del evento<\/strong><\/a><\/font><\/h1>\n<div style=\"text-align: center\"><a href=\"http:\/\/antiguosalumnosmaravillas.com\/aa\/index.php?option=com_imagebrowser&#038;view=gallery&#038;folder=TD_2012\"><img decoding=\"async\" src=\"images\/stories\/Torres_Dulce_Placa.JPG\" border=\"0\" width=\"500\" \/><\/a><\/div>\n<p>Desde la Asociaci\u00f3n de Antiguos Alumnos del Colegio Maravillas s\u00f3lo nos queda agradecer la disponibilidad de D. Eduardo a participar de este evento, y hacernos eco de sus palabras \u201clo que soy ha sido gracias a mis padres y a lo que me ense\u00f1aron en el colegio Maravillas\u201d.<\/p>\n","protected":false},"excerpt":{"rendered":"<p>El pasado 4 de junio, lunes, tuvimos la suerte de contar con la participaci\u00f3n de D. Eduardo Torres-Dulce, Fiscal General de Estado, y antiguo alumno del Colegio Maravillas, en la conferencia sobre \u201cLa Modernizaci\u00f3n de la Justicia en Espa\u00f1a\u201d.Los que estuvimos all\u00ed pudimos disfrutar de una reflexi\u00f3n serena, seria, profunda e inteligente de la realidad [&hellip;]<\/p>\n","protected":false},"author":746,"featured_media":0,"comment_status":"closed","ping_status":"open","sticky":false,"template":"","format":"standard","meta":{"_et_pb_use_builder":"","_et_pb_old_content":"","_et_gb_content_width":"","footnotes":""},"categories":[7],"tags":[],"class_list":["post-128","post","type-post","status-publish","format-standard","hentry","category-c2-culturales"],"_links":{"self":[{"href":"https:\/\/antiguosalumnosmaravillas.com\/asociacion\/wp-json\/wp\/v2\/posts\/128","targetHints":{"allow":["GET"]}}],"collection":[{"href":"https:\/\/antiguosalumnosmaravillas.com\/asociacion\/wp-json\/wp\/v2\/posts"}],"about":[{"href":"https:\/\/antiguosalumnosmaravillas.com\/asociacion\/wp-json\/wp\/v2\/types\/post"}],"author":[{"embeddable":true,"href":"https:\/\/antiguosalumnosmaravillas.com\/asociacion\/wp-json\/wp\/v2\/users\/746"}],"replies":[{"embeddable":true,"href":"https:\/\/antiguosalumnosmaravillas.com\/asociacion\/wp-json\/wp\/v2\/comments?post=128"}],"version-history":[{"count":1,"href":"https:\/\/antiguosalumnosmaravillas.com\/asociacion\/wp-json\/wp\/v2\/posts\/128\/revisions"}],"predecessor-version":[{"id":4633,"href":"https:\/\/antiguosalumnosmaravillas.com\/asociacion\/wp-json\/wp\/v2\/posts\/128\/revisions\/4633"}],"wp:attachment":[{"href":"https:\/\/antiguosalumnosmaravillas.com\/asociacion\/wp-json\/wp\/v2\/media?parent=128"}],"wp:term":[{"taxonomy":"category","embeddable":true,"href":"https:\/\/antiguosalumnosmaravillas.com\/asociacion\/wp-json\/wp\/v2\/categories?post=128"},{"taxonomy":"post_tag","embeddable":true,"href":"https:\/\/antiguosalumnosmaravillas.com\/asociacion\/wp-json\/wp\/v2\/tags?post=128"}],"curies":[{"name":"wp","href":"https:\/\/api.w.org\/{rel}","templated":true}]}}