{"id":123,"date":"2012-05-24T09:23:21","date_gmt":"2012-05-24T09:23:21","guid":{"rendered":"http:\/\/antiguosalumnosmaravillas.com\/asociacion\/?p=123"},"modified":"2025-12-10T19:03:06","modified_gmt":"2025-12-10T18:03:06","slug":"conferencia-d-eduardo-torres-dulce-fiscal-general-del-estado","status":"publish","type":"post","link":"https:\/\/antiguosalumnosmaravillas.com\/asociacion\/conferencia-d-eduardo-torres-dulce-fiscal-general-del-estado\/","title":{"rendered":"Conferencia D. EDUARDO TORRES-DULCE, Fiscal General del Estado"},"content":{"rendered":"<p><font face=\"Times New Roman\" size=\"3\" color=\"#000000\">  <\/font><\/p>\n<p style=\"margin: 0cm 0cm 10pt; text-align: justify; line-height: 15.6pt\" class=\"MsoNormal\"><span style=\"color: black; font-family: 'Arial','sans-serif'; font-size: 12pt\">La Asociaci\u00f3n de Antiguos Alumnos te brinda la oportunidad de asistir a la conferencia que tendr\u00e1 lugar el pr\u00f3ximo lunes 4 de Junio a las 19 h en el Auditorio del Colegio, impartida por:<\/span><\/p>\n<div style=\"text-align: center\"><img loading=\"lazy\" decoding=\"async\" src=\"images\/stories\/tdulce.jpg\" border=\"0\" width=\"371\" height=\"219\" \/><\/div>\n<p align=\"center\"><span style=\"line-height: 115%; font-family: 'Arial','sans-serif'; font-size: 14pt\"><strong>D. Eduardo Torres- Dulce<\/strong><\/span><\/p>\n<p align=\"center\"><font face=\"Times New Roman\" size=\"3\">\u00a0 <\/font><em><span style=\"line-height: 115%; font-family: 'Arial','sans-serif'; font-size: 12pt\">Fiscal General del Estado<\/span><\/em><\/p>\n<p align=\"center\"><font size=\"3\"><font face=\"Times New Roman\">  <\/font><em><span style=\"line-height: 115%; font-family: 'Arial','sans-serif'; font-size: 12pt\">Antiguo Alumno del Colegio Maravillas<\/span><\/em><\/font><font face=\"Times New Roman\" size=\"3\" color=\"#000000\">\u00a0 <\/font><\/p>\n<p style=\"margin: 0cm 0cm 0pt; line-height: 15.6pt\" class=\"MsoNormal\"><span style=\"color: black; font-family: 'Arial','sans-serif'; font-size: 12pt\">El cual hablar\u00e1 sobre un tema de actualidad que cuenta con una gran expectaci\u00f3n tal y como es:<\/span><\/p>\n<p><font face=\"Times New Roman\" size=\"3\" color=\"#000000\">  <\/font><font face=\"Times New Roman\" size=\"3\" color=\"#000000\">  <\/font><\/p>\n<p style=\"margin: 0cm 0cm 10pt; text-align: center; line-height: 15.6pt\" class=\"MsoNormal\" align=\"center\"><strong><span style=\"color: black; font-family: 'Arial','sans-serif'; font-size: 14pt\">\u201cLa Modernizaci\u00f3n de la Justicia en Espa\u00f1a\u00bb<\/span><\/strong><\/p>\n<p style=\"margin: 0cm 0cm 0pt; text-align: justify\" class=\"MsoNormal\"><span style=\"line-height: 115%; font-family: 'Arial','sans-serif'; font-size: 12pt\">19.00 h a 19.20 h<span>\u00a0\u00a0\u00a0 <\/span>Recepci\u00f3n de asistentes.<\/span><\/p>\n<p style=\"margin: 0cm 0cm 0pt; text-align: justify\" class=\"MsoNormal\"><span style=\"line-height: 115%; font-family: 'Arial','sans-serif'; font-size: 12pt\">19.20 h a 19.25 h<span>\u00a0\u00a0\u00a0 <\/span><strong>Presentaci\u00f3n y bienvenida<\/strong><\/span><\/p>\n<p style=\"margin: 0cm 0cm 0pt 70.8pt; text-align: justify; text-indent: 35.4pt\" class=\"MsoNormal\"><span style=\"line-height: 115%; font-family: 'Arial','sans-serif'; font-size: 12pt\">D. Juan Carlos Mora, Presidente AA Maravillas<\/span><\/p>\n<p style=\"margin: 0cm 0cm 0pt; text-align: justify\" class=\"MsoNormal\"><span style=\"line-height: 115%; font-family: 'Arial','sans-serif'; font-size: 12pt\">19.25 h a 20.20 h<span>\u00a0\u00a0\u00a0 <\/span><strong>La Modernizaci\u00f3n de la Justicia en Espa\u00f1a<\/strong><\/span><\/p>\n<p style=\"margin: 0cm 0cm 0pt; text-align: justify\" class=\"MsoNormal\"><span style=\"line-height: 115%; font-family: 'Arial','sans-serif'; font-size: 12pt\"><span>\u00a0\u00a0\u00a0\u00a0\u00a0\u00a0\u00a0\u00a0\u00a0\u00a0\u00a0\u00a0\u00a0\u00a0\u00a0\u00a0\u00a0\u00a0\u00a0\u00a0\u00a0\u00a0\u00a0\u00a0\u00a0\u00a0\u00a0\u00a0\u00a0\u00a0\u00a0 <\/span>D. Eduardo Torres-Dulce, Fiscal General del Estado<\/span><\/p>\n<p style=\"margin: 0cm 0cm 0pt; text-align: justify\" class=\"MsoNormal\"><span style=\"line-height: 115%; font-family: 'Arial','sans-serif'; font-size: 12pt\">20.20 h a 20.40 h<span>\u00a0\u00a0\u00a0 <\/span><strong>Coloquio<\/strong><\/span><\/p>\n<p style=\"margin: 0cm 0cm 10pt; text-align: center; line-height: 15.6pt\" class=\"MsoNormal\" align=\"center\">\u00a0<\/p>\n<p style=\"margin: 0cm 0cm 10pt; text-align: center; line-height: 15.6pt\" class=\"MsoNormal\" align=\"center\"><span style=\"color: black; line-height: 115%; font-family: 'Arial','sans-serif'; font-size: 12pt\">Por razones de seguridad, <\/span><span style=\"line-height: 115%; font-family: 'Arial','sans-serif'; font-size: 12pt\"><font color=\"#000000\">es necesario confirmar la asistencia enviando un mail a <\/font><\/span><a href=\"mailto:antiguosalumnos@lasallemaravillas.com\"><span style=\"line-height: 115%; font-family: 'Arial','sans-serif'; font-size: 12pt\"><u><font color=\"#0000ff\">antiguosalumnos@lasallemaravillas.com<\/font><\/u><\/span><\/a><span style=\"line-height: 115%; font-family: 'Arial','sans-serif'; font-size: 12pt\"><font color=\"#000000\"> con vuestro nombre, apellidos y DNI.<\/font><\/span><\/p>\n<p><font face=\"Times New Roman\" size=\"3\" color=\"#000000\">\u00a0 <\/font><\/p>\n<p style=\"margin: 0cm 0cm 10pt; line-height: 15.6pt\" class=\"MsoNormal\"><span style=\"color: black; font-family: 'Arial','sans-serif'; font-size: 12pt\">Es un evento \u00fanico e innovador que no dejar\u00e1 a nadie indiferente.<\/span><\/p>\n<p><font face=\"Times New Roman\" size=\"3\" color=\"#000000\">  <\/font><\/p>\n<p style=\"margin: 0cm 0cm 10pt; line-height: 15.6pt\" class=\"MsoNormal\"><span style=\"color: black; font-family: 'Arial','sans-serif'; font-size: 12pt\">Os esperamos.<\/span><\/p>\n<p><font face=\"Times New Roman\" size=\"3\" color=\"#000000\">  <\/font><font face=\"Times New Roman\" size=\"3\" color=\"#000000\">  <\/font><font face=\"Times New Roman\" size=\"3\" color=\"#000000\">  <\/font><\/p>\n","protected":false},"excerpt":{"rendered":"<p>La Asociaci\u00f3n de Antiguos Alumnos te brinda la oportunidad de asistir a la conferencia que tendr\u00e1 lugar el pr\u00f3ximo lunes 4 de Junio a las 19 h en el Auditorio del Colegio, impartida por: D. Eduardo Torres- Dulce \u00a0 Fiscal General del Estado Antiguo Alumno del Colegio Maravillas\u00a0 El cual hablar\u00e1 sobre un tema de [&hellip;]<\/p>\n","protected":false},"author":746,"featured_media":0,"comment_status":"closed","ping_status":"open","sticky":false,"template":"","format":"standard","meta":{"_et_pb_use_builder":"","_et_pb_old_content":"","_et_gb_content_width":"","footnotes":""},"categories":[7],"tags":[],"class_list":["post-123","post","type-post","status-publish","format-standard","hentry","category-c2-culturales"],"_links":{"self":[{"href":"https:\/\/antiguosalumnosmaravillas.com\/asociacion\/wp-json\/wp\/v2\/posts\/123","targetHints":{"allow":["GET"]}}],"collection":[{"href":"https:\/\/antiguosalumnosmaravillas.com\/asociacion\/wp-json\/wp\/v2\/posts"}],"about":[{"href":"https:\/\/antiguosalumnosmaravillas.com\/asociacion\/wp-json\/wp\/v2\/types\/post"}],"author":[{"embeddable":true,"href":"https:\/\/antiguosalumnosmaravillas.com\/asociacion\/wp-json\/wp\/v2\/users\/746"}],"replies":[{"embeddable":true,"href":"https:\/\/antiguosalumnosmaravillas.com\/asociacion\/wp-json\/wp\/v2\/comments?post=123"}],"version-history":[{"count":1,"href":"https:\/\/antiguosalumnosmaravillas.com\/asociacion\/wp-json\/wp\/v2\/posts\/123\/revisions"}],"predecessor-version":[{"id":4638,"href":"https:\/\/antiguosalumnosmaravillas.com\/asociacion\/wp-json\/wp\/v2\/posts\/123\/revisions\/4638"}],"wp:attachment":[{"href":"https:\/\/antiguosalumnosmaravillas.com\/asociacion\/wp-json\/wp\/v2\/media?parent=123"}],"wp:term":[{"taxonomy":"category","embeddable":true,"href":"https:\/\/antiguosalumnosmaravillas.com\/asociacion\/wp-json\/wp\/v2\/categories?post=123"},{"taxonomy":"post_tag","embeddable":true,"href":"https:\/\/antiguosalumnosmaravillas.com\/asociacion\/wp-json\/wp\/v2\/tags?post=123"}],"curies":[{"name":"wp","href":"https:\/\/api.w.org\/{rel}","templated":true}]}}